{"id":71944,"date":"2024-04-29T10:35:30","date_gmt":"2024-04-29T08:35:30","guid":{"rendered":"https:\/\/fsmcv.org\/certamens\/xiii-concurs-de-composicio-de-musica-festera-vila-de-benidorm-2024-modalitat-marxa-mora\/"},"modified":"2024-04-29T10:41:11","modified_gmt":"2024-04-29T08:41:11","slug":"xiii-concurs-de-composicio-de-musica-festera-vila-de-benidorm-2024-modalitat-marxa-mora","status":"publish","type":"post","link":"https:\/\/fsmcv.org\/vl\/convocatories-publiques\/xiii-concurs-de-composicio-de-musica-festera-vila-de-benidorm-2024-modalitat-marxa-mora\/","title":{"rendered":"XIII Concurs de Composici\u00f3 de M\u00fasica Festera &#8220;Vila de Benidorm&#8221; 2024 Modalitat: Marxa Mora"},"content":{"rendered":"\n<p><strong>Participants<\/strong><\/p>\n\n<p>Podran presentar-se quants participants ho desitgen sense l\u00edmit d&#8217;edat ni nacionalitat.<br\/>Els participants podran presentar quantes composicions desitgen. Aquestes seran originals, in\u00e8dites i no hauran d&#8217;haver sigut interpretades en p\u00fablic amb anterioritat a la decisi\u00f3 del jurat.<\/p>\n\n<p>Es valorar\u00e0 especialment l&#8217;originalitat en els temes, l&#8217;harmonia, la melodia i altres caracter\u00edstiques pr\u00f2pies de la m\u00fasica festera, sent aptes per a les desfilades d&#8217;estes festes.<\/p>\n\n<p><strong>Premi<\/strong><\/p>\n\n<p>S&#8217;establix un \u00fanic premi de DOS MIL EUROS (2.000\u201900.-\u20ac) i un trofeu patrocinat per l&#8217;Ajuntament de Benidorm. El premi ser\u00e0 indivisible i ser\u00e0 atorgat pel jurat que tindr\u00e0 la composici\u00f3 que s&#8217;indica en la Base S\u00e8ptima d&#8217;esta convocat\u00f2ria.<\/p>\n\n<p><strong>Termini de presentaci\u00f3 de sol\u00b7licituds<\/strong><\/p>\n\n<p>El termini d&#8217;admissi\u00f3 de les obres finalitzar\u00e0 a les 23.59 hores del dia 31 de juliol de 2024, considerant-se presentats dins de termini aquells treballs remesos amb data anterior a la de finalitzaci\u00f3. <\/p>\n\n<p>Finalitzat el termini d&#8217;admissi\u00f3, el jurat valorar\u00e0 les obres presentades en el termini de quinze dies naturals, i comunicar\u00e0 pels diferents canals informatius de l&#8217;Ajuntament de Benidorm el LEMA de l&#8217;obra guanyadora.<\/p>\n\n<p>Esta obra ser\u00e0 interpretada en el Concert extraordinari que tindr\u00e0 lloc durant el mes de setembre de 2024, comunicant-se el mateix amb anterioritat per tots els mitjans de l&#8217;Ajuntament de Benidorm.<\/p>\n\n<p>El premi podr\u00e0 quedar desert en el cas que el jurat ho estime oport\u00fa.<\/p>\n\n<p><strong>Forma de presentaci\u00f3<\/strong><\/p>\n\n<p>El material presentat a concurs haur\u00e0 de ser enviat, \u00fanicament per correu postal certificat, a l&#8217;atenci\u00f3 de la Regidoria de Cultura de l&#8217;Ajuntament de Benidorm, indicant amb claredat en el sobre:<\/p>\n\n<p>AJUNTAMENT DE BENIDORM<br\/>REGIDORIA DE CULTURA<br\/>XXIII CONCURS DE COMPOSICI\u00d3 DE M\u00daSICA FESTERA<br\/>&#8220;VILLA DE BENIDORM&#8221; 2024<br\/>Pla\u00e7a SS.MM. Reis d&#8217;Espanya, n\u00fam. 1<br\/>03501 BENIDORM<\/p>\n\n<p>Adjuntem bases: h<a href=\"ttps:\/\/fsmcv.org\/wp-content\/uploads\/2024\/04\/BASES-MUSICA-FESTERA-2024.pdf\">ttps:\/\/fsmcv.org\/wp-content\/uploads\/2024\/04\/BASES-MUSICA-FESTERA-2024.pdf<\/a><\/p>\n","protected":false},"excerpt":{"rendered":"<p>Participants Podran presentar-se quants participants ho desitgen sense l\u00edmit d&#8217;edat ni nacionalitat.Els participants podran presentar quantes composicions desitgen. Aquestes seran originals, in\u00e8dites i no hauran d&#8217;haver sigut interpretades en p\u00fablic amb anterioritat a la decisi\u00f3 del jurat. Es valorar\u00e0 especialment l&#8217;originalitat en els temes, l&#8217;harmonia, la melodia i altres caracter\u00edstiques pr\u00f2pies de la m\u00fasica festera, [&hellip;]<\/p>\n","protected":false},"author":17,"featured_media":71942,"comment_status":"open","ping_status":"closed","sticky":false,"template":"","format":"standard","meta":{"footnotes":""},"categories":[45],"tags":[],"class_list":["post-71944","post","type-post","status-publish","format-standard","has-post-thumbnail","hentry","category-convocatories-publiques"],"_links":{"self":[{"href":"https:\/\/fsmcv.org\/vl\/wp-json\/wp\/v2\/posts\/71944","targetHints":{"allow":["GET"]}}],"collection":[{"href":"https:\/\/fsmcv.org\/vl\/wp-json\/wp\/v2\/posts"}],"about":[{"href":"https:\/\/fsmcv.org\/vl\/wp-json\/wp\/v2\/types\/post"}],"author":[{"embeddable":true,"href":"https:\/\/fsmcv.org\/vl\/wp-json\/wp\/v2\/users\/17"}],"replies":[{"embeddable":true,"href":"https:\/\/fsmcv.org\/vl\/wp-json\/wp\/v2\/comments?post=71944"}],"version-history":[{"count":0,"href":"https:\/\/fsmcv.org\/vl\/wp-json\/wp\/v2\/posts\/71944\/revisions"}],"wp:featuredmedia":[{"embeddable":true,"href":"https:\/\/fsmcv.org\/vl\/wp-json\/wp\/v2\/media\/71942"}],"wp:attachment":[{"href":"https:\/\/fsmcv.org\/vl\/wp-json\/wp\/v2\/media?parent=71944"}],"wp:term":[{"taxonomy":"category","embeddable":true,"href":"https:\/\/fsmcv.org\/vl\/wp-json\/wp\/v2\/categories?post=71944"},{"taxonomy":"post_tag","embeddable":true,"href":"https:\/\/fsmcv.org\/vl\/wp-json\/wp\/v2\/tags?post=71944"}],"curies":[{"name":"wp","href":"https:\/\/api.w.org\/{rel}","templated":true}]}}