{"id":724,"date":"2016-04-25T18:17:21","date_gmt":"2016-04-25T16:17:21","guid":{"rendered":"http:\/\/fsmcv.org\/?post_type=fsmcv-noticias&#038;p=724"},"modified":"2020-09-27T18:24:23","modified_gmt":"2020-09-27T18:24:23","slug":"hui-25-dabril-dia-de-les-corts-valencianes","status":"publish","type":"post","link":"https:\/\/fsmcv.org\/vl\/noticies-campanyes\/musica-a-la-llum\/hui-25-dabril-dia-de-les-corts-valencianes\/","title":{"rendered":"Hui, 25 d\u2019abril, Dia de Les Corts Valencianes"},"content":{"rendered":"<p>Val\u00e8ncia, 25 d0abril de 2016<\/p>\n<p>El 25 d\u2019Abril, Dia de les Corts Valencianes, \u00e9s una data assenyalada al calendari valenci\u00e0 pel seu contingut hist\u00f2ric, la Batalla d\u2019Almansa, i ara tamb\u00e9 pel seu contingut institucional, per ser el dia del Parlament Valenci\u00e0. Per aix\u00f2, Les Corts han programa una s\u00e8rie d\u2019actes durant els dies 22, 24, 25 i 30 d\u2019abril, com tamb\u00e9 una exposici\u00f3 oberta al p\u00fablic que es podr\u00e0 visitar des del mateix dia 25 d\u2019abril fins el 24 de maig.<\/p>\n<p>Aix\u00ed, hui, a les 12 hores, a l\u2019Andana del Palau dels Borja, tindr\u00e0 lloc un acte institucional per a commemorar el 25 d\u2019Abril, Dia de les Corts Valencianes. En la celebraci\u00f3 es lliurar\u00e0 l\u2019Alta Distinci\u00f3 Parlament\u00e0ria de les Corts \u201cFrancesc de Vinatea\u201d a la Comissi\u00f3 d\u2019Experts per analitzat els problemes financers de la Generalitat Valenciana, grup de treball format per Francisco P\u00e9rez Garc\u00eda, Rafael Beneyto Cabanes, Jos\u00e9 Antonio P\u00e9rez Garc\u00eda, Jos\u00e9 Ismael Fern\u00e1ndez Guerrero, Vicent Peir\u00f3 Ib\u00e1\u00f1ez i Vicent Cucarella Tormo. L\u2019acte el clour\u00e0 el President de les Corts, Enric Morera, amb un discurs institucional.<\/p>\n<p>Una celebraci\u00f3 que anir\u00e0 acompanyada d&#8217;un concert exclusiu, aquesta vesprada, a c\u00e0rrec de l&#8217;Orquestra de Val\u00e8ncia. Interpretar\u00e0 interpretar l&#8217;obertura &#8220;Una cosa rara&#8221; de Vicent Mart\u00edn i Soler, &#8220;Acuarelas Valencianas&#8221; d&#8217;Eduardo L\u00f3pez-Chavarri i la Simfonia n\u00fam. 1 de Ludwig van Beethoven, sota la direcci\u00f3 del maestro valenci\u00e0 Francisco Valero-Terribas. El concert ser\u00e0 a les 19:30. L&#8217;entrada \u00e9s gratu\u00efta fins a completar l\u2019 aforament que t\u00e9 l&#8217;hist\u00f2ric recinte de la Llotja de Val\u00e8ncia.<\/p>\n<p>Per\u00f2 els actes del Dia de Les Corts Valencianes comen\u00e7aren ja este cap de setmana amb la presentaci\u00f3n, este divendres a la Sala Vinatea de les Corts, de les darreres publicacions de l\u2019Institut Internacional d\u2019Estudis Borgians:<\/p>\n<p>\u2013 Diplomatari Borja, 5: Archivio di Stato de Roma: Documents dels protocols de Camillo Beneimbene (1479-1505). Edici\u00f3 d\u2019Ivan Parisi i coordinaci\u00f3 de Maria Toldr\u00e0.<\/p>\n<p>\u2013 El poder i la profecia: De la teoria a la pr\u00e0ctica borgiana, de Joan Requesens i Piquer.<\/p>\n<p>El Diumenge, 24 d\u2019abril, des de la pla\u00e7a de la Mare de D\u00e9u fins al Palau dels Borja, l\u2019extraordinaria desfilada amb la representaci\u00f3 de les danses de la Festa de la Mare de D\u00e9u de la Salut d\u2019Algemes\u00ed, Patrimoni Immaterial de la Humanitat.<\/p>\n<p>Dissabte, 30 d\u2019abril de 2016, portes obertes Les Corts<\/p>\n<p>De 10 a 14 hores i des de les 16 fins les 20 hores, el Palau dels Borja far\u00e0 una jornada de Portes Obertes per a mostrar a la ciutadania el Palau, les instal\u00b7lacions de les Corts Valencianes i poder visitar l\u2019exposici\u00f3 Del Renaixement a la modernitat, imatges dels Borja, organitzada amb motiu del 25 d\u2019Abril, Dia de les Corts Valencianes.<\/p>\n<p>Exposici\u00f3 al Palau dels Borja<\/p>\n<p>A m\u00e9s, des del 25 d\u2019abril al 24 de maig, amb un horari de 16.30 a 20 hores, es podr\u00e0 visitar l\u2019exposici\u00f3: Del Renaixement a la modernitat, imatges dels Borja.<\/p>\n<p>En l\u2019exposici\u00f3 es mostren les escultures de Manolo Boix de la fam\u00edlia Borja com tamb\u00e9 obres d\u2019arts procedents del Museu de Belles Arts de Val\u00e8ncia, la Catedral de Val\u00e8ncia i del Monestir de les Clarisses de Gandia.<\/p>\n","protected":false},"excerpt":{"rendered":"<p>Esta vesprada, concerte a c\u00e0rrec de l&#8217;Orquestra de Val\u00e8ncia en la Llotja de Val\u00e8ncia. L&#8217;entrada \u00e9s gratu\u00efta, fins a completar l&#8217;aforament<\/p>\n","protected":false},"author":2,"featured_media":0,"comment_status":"closed","ping_status":"closed","sticky":false,"template":"","format":"standard","meta":{"footnotes":""},"categories":[10],"tags":[],"class_list":["post-724","post","type-post","status-publish","format-standard","hentry","category-musica-a-la-llum"],"_links":{"self":[{"href":"https:\/\/fsmcv.org\/vl\/wp-json\/wp\/v2\/posts\/724","targetHints":{"allow":["GET"]}}],"collection":[{"href":"https:\/\/fsmcv.org\/vl\/wp-json\/wp\/v2\/posts"}],"about":[{"href":"https:\/\/fsmcv.org\/vl\/wp-json\/wp\/v2\/types\/post"}],"author":[{"embeddable":true,"href":"https:\/\/fsmcv.org\/vl\/wp-json\/wp\/v2\/users\/2"}],"replies":[{"embeddable":true,"href":"https:\/\/fsmcv.org\/vl\/wp-json\/wp\/v2\/comments?post=724"}],"version-history":[{"count":0,"href":"https:\/\/fsmcv.org\/vl\/wp-json\/wp\/v2\/posts\/724\/revisions"}],"wp:attachment":[{"href":"https:\/\/fsmcv.org\/vl\/wp-json\/wp\/v2\/media?parent=724"}],"wp:term":[{"taxonomy":"category","embeddable":true,"href":"https:\/\/fsmcv.org\/vl\/wp-json\/wp\/v2\/categories?post=724"},{"taxonomy":"post_tag","embeddable":true,"href":"https:\/\/fsmcv.org\/vl\/wp-json\/wp\/v2\/tags?post=724"}],"curies":[{"name":"wp","href":"https:\/\/api.w.org\/{rel}","templated":true}]}}