{"id":7241,"date":"2017-12-13T12:10:45","date_gmt":"2017-12-13T11:10:45","guid":{"rendered":"https:\/\/fsmcv.org\/?post_type=fsmcv-noticias&#038;p=7241"},"modified":"2021-03-29T18:51:08","modified_gmt":"2021-03-29T16:51:08","slug":"orquesta-jose-perpinan-segorbe-estrena-seis-obras-cuerda-ganadoras-4-concurso-internacional-composicion-musica-jove","status":"publish","type":"post","link":"https:\/\/fsmcv.org\/vl\/societats-musicals\/orquesta-jose-perpinan-segorbe-estrena-seis-obras-cuerda-ganadoras-4-concurso-internacional-composicion-musica-jove\/","title":{"rendered":"L&#8217;Orquestra Jos\u00e9 Perpiny\u00e0 de Segorbe estrena sis obres per a corda guanyadores del 4t Concurs Internacional de Composici\u00f3 M\u00fasica Jove"},"content":{"rendered":"<p>El pr\u00f2xim diumenge 17 de desembre a les 12:30 hores l&#8217;Orquestra Jos\u00e9 Perpiny\u00e0 de la Societat Musical de Segorbe que dirigeix Daniel G\u00f3mez Asensio estrenar\u00e0, en el marc del seu concert de Nadal, les sis obres per a corda guanyadores del 4t Concurs Internacional de Composici\u00f3 M\u00fasica Jove que organitza la Associaci\u00f3 M\u00fasica Jove de Val\u00e8ncia.<\/p>\n<p>Sis s\u00f3n els compositors dels quals s&#8217;escoltaran aquestes sis estrenes en la primera part del concert: El\u00edas Ib\u00e1\u00f1ez Lax (Iecla, M\u00farcia), Frank Cogollos Mart\u00ednez (Sant Antoni, Eivissa), Adri\u00e1n Camilo Ram\u00edrez M\u00e9ndez (Madrid, Col\u00f2mbia), Matteo Nahun (G\u00e8nova, It\u00e0lia), Sara Galiana Sola (Val\u00e8ncia) i Miguel \u00d3scar Musso Buend\u00eda (Hu\u00e9tor Vega, Granada).<\/p>\n<p>El concert, que se celebrar\u00e0 a l&#8217;Auditori Salvador Segu\u00ed, s&#8217;iniciar\u00e0 amb la interpretaci\u00f3 de les obres guanyadores de la categoria d&#8217;Orquestra Infantil: <em>Lullaby for Bianca<\/em> d&#8217;Adri\u00e1n Camilo Ram\u00edrez M\u00e9ndez (tercer premi), <em>De puntetes<\/em> de Frank Cogollos Mart\u00ednez (segon premi) i <em>Marcher entre els cordes<\/em> (primer premi) d&#8217;El\u00edas Ib\u00e1\u00f1ez Lax.<\/p>\n<p>En la categoria d&#8217;Orquestra Juvenil s&#8217;interpretaran <em>El conjuro de las meigas<\/em> de Miguel \u00d3scar Musso Buend\u00eda (tercer premi), <em>The beginning<\/em> de Sara Galiana Sola (segon premi) i <em>Metamorfosi<\/em> de Matteo Nahun (primer premi).<\/p>\n<p>Durant el concert, que ser\u00e0 gravat per Ars Studios, es lliuraran els premis als autors que han confirmat la seua assist\u00e8ncia a l&#8217;esdeveniment.<\/p>\n<p>Despr\u00e9s del descans, l&#8217;Orquestra Jos\u00e9 Perpiny\u00e0 interpretar\u00e0 el <em>Concert en re menor per a obo\u00e8<\/em> de Benedetto Marcello (amb la intervenci\u00f3 com a solista de Carlos Ramos Castro), <em>Memory<\/em> del musical <em>Cats<\/em> de A. Lloyd Webber, <em>My fair lady<\/em> de Frederick Loewe, <em>Adeste Fideles<\/em> (arranjament de G\u00f3mez Asensio) i <em>All I need for Christmas is you<\/em>, d&#8217;H. Garden.<\/p>\n<p>A la quarta convocat\u00f2ria del Concurs Internacional de Composici\u00f3 M\u00fasica Jove es van presentar un total de 68 obres de 45 compositors (42 homes i 3 dones), procedents de 5 pa\u00efsos: Espanya, Col\u00f2mbia, It\u00e0lia, Portugal i Brasil. Com a curiositat, la prov\u00edncia espanyola de la qual procedeixen m\u00e9s obres \u00e9s Val\u00e8ncia (15), seguida d&#8217;Alacant (4) i Albacete (3).<\/p>\n<p>Les obres premiades en les categories de vent es van estrenar el passat 25 de novembre per la la banda de m\u00fasica de la Societat Musical La Pau de Setaig\u00fces dirigida per Borja Mart\u00ednez Alegre.<\/p>\n<p>El jurat d&#8217;aquesta edici\u00f3 va estar compost pels compositors Jos\u00e9 Alberto Pina Picazo, Carlos Pellicer Andr\u00e9s i Teo Aparicio Barber\u00e1n.<\/p>\n<p>La Associaci\u00f3 M\u00fasica Jove ultima ja les bases de la cinquena convocat\u00f2ria, que es faran p\u00fabliques pr\u00f2ximament.<\/p>\n<h4>Associaci\u00f3 M\u00fasica Jove<\/h4>\n<p>L&#8217;Associaci\u00f3 M\u00fasica Jove (AMJ) de Benimaclet (Val\u00e8ncia) \u00e9s una entitat no lucrativa fundada al juny de 1994 que engloba tres grans activitats: la docent (Taller de M\u00fasica Jove), la interpretativa (Orquestra, Cor i Banda M\u00fasica Jove) i la divulgativa (el Mini Auditori). Activitats realitzades setmanalment per les m\u00e9s de cinc-centes persones entre socis, alumnat i professorat que formen AMJ.<\/p>\n<p>La AMJ pertany a la Federaci\u00f3 de Societats Musicals de la Comunitat Valenciana (FSMCV), la Federaci\u00f3 de Centres Autoritzats (FECEMAC), la Xarxa Espanyola d&#8217;Escoles de M\u00fasica (REEM)i la European Modern Music Network (EMMEN).<\/p>\n<h4>M\u00e9s informaci\u00f3:<\/h4>\n<p><a href=\"http:\/\/www.musicajove.net\" target=\"_blank\" rel=\"noopener noreferrer\">www.musicajove.net<\/a><br \/>\n<a href=\"http:\/\/concursodecomposicion.musicajove.net\" target=\"_blank\" rel=\"noopener noreferrer\">concursodecomposicion.musicajove.net<\/a><\/p>\n<h4>Programa<\/h4>\n<p><a href=\"https:\/\/fsmcv.org\/BTnet-storage\/wp-uploads\/2017\/12\/OrquestaSegorbe-17122017-programa.pdf\" target=\"_blank\" rel=\"noopener noreferrer\">Descarregar programa en PDF<\/a><\/p>\n","protected":false},"excerpt":{"rendered":"<p>Ser\u00e0 el pr\u00f2xim diumenge 17 de desembre a les 12:30 hores en el marc del concert de Nadal i sota la direcci\u00f3 del titular Daniel G\u00f3mez Asensio.<\/p>\n","protected":false},"author":2,"featured_media":0,"comment_status":"closed","ping_status":"closed","sticky":false,"template":"","format":"standard","meta":{"footnotes":""},"categories":[56],"tags":[],"class_list":["post-7241","post","type-post","status-publish","format-standard","hentry","category-societats-musicals"],"_links":{"self":[{"href":"https:\/\/fsmcv.org\/vl\/wp-json\/wp\/v2\/posts\/7241","targetHints":{"allow":["GET"]}}],"collection":[{"href":"https:\/\/fsmcv.org\/vl\/wp-json\/wp\/v2\/posts"}],"about":[{"href":"https:\/\/fsmcv.org\/vl\/wp-json\/wp\/v2\/types\/post"}],"author":[{"embeddable":true,"href":"https:\/\/fsmcv.org\/vl\/wp-json\/wp\/v2\/users\/2"}],"replies":[{"embeddable":true,"href":"https:\/\/fsmcv.org\/vl\/wp-json\/wp\/v2\/comments?post=7241"}],"version-history":[{"count":0,"href":"https:\/\/fsmcv.org\/vl\/wp-json\/wp\/v2\/posts\/7241\/revisions"}],"wp:attachment":[{"href":"https:\/\/fsmcv.org\/vl\/wp-json\/wp\/v2\/media?parent=7241"}],"wp:term":[{"taxonomy":"category","embeddable":true,"href":"https:\/\/fsmcv.org\/vl\/wp-json\/wp\/v2\/categories?post=7241"},{"taxonomy":"post_tag","embeddable":true,"href":"https:\/\/fsmcv.org\/vl\/wp-json\/wp\/v2\/tags?post=7241"}],"curies":[{"name":"wp","href":"https:\/\/api.w.org\/{rel}","templated":true}]}}