{"id":7259,"date":"2017-12-13T13:00:10","date_gmt":"2017-12-13T12:00:10","guid":{"rendered":"https:\/\/fsmcv.org\/?post_type=fsmcv-noticias&#038;p=7259"},"modified":"2021-03-29T18:50:57","modified_gmt":"2021-03-29T16:50:57","slug":"unio-artistica-musical-ontinyent-almudena-frances-representaran-el-rei-astoret-concert-nadal","status":"publish","type":"post","link":"https:\/\/fsmcv.org\/vl\/societats-musicals\/unio-artistica-musical-ontinyent-almudena-frances-representaran-el-rei-astoret-concert-nadal\/","title":{"rendered":"La Uni\u00f3 Art\u00edstica Musical d\u2019Ontinyent i Almudena Franc\u00e9s representaran \u201cEl rei Astoret\u201d al Concert de Nadal"},"content":{"rendered":"<p>Un any m\u00e9s, la Societat Uni\u00f3 Art\u00edstica Musical d\u2019Ontinyent oferir\u00e0 el tradicional CONCERT DE NADAL, una cita ineludible en el calendari nadalenc d\u2019Ontinyent, que tindr\u00e0 lloc el proper diumenge 17 de desembre al Teatre Echegaray a les 12h.<\/p>\n<p>Segons explicava Trini Belda, Presidenta de la Uni\u00f3, \u201cenguany hem preparat un espectacle ben especial, basat en un meravell\u00f3s conte a c\u00e0rrec de la contacontes ontinyentina Almudena Franc\u00e9s, dintre del marc musical que interpretar\u00e0 la nostra Banda de M\u00fasica baix la direcci\u00f3 art\u00edstica de Jes\u00fas Barber\u00e0 i Fontana\u201d. En eixe sentit, el director de la Uni\u00f3 Art\u00edstica Musical, Jes\u00fas Barber\u00e0, assenyalava: \u201cvol\u00edem apostar per un Concert atractiu per a tots els p\u00fablics, per\u00f2 especialment per als m\u00e9s menuts, que tradicionalment s\u00f3n els destinataris principals d\u2019aquest concert que preparem amb tanta estima. Per aix\u00f2, posarem m\u00fasica mentre la veu d\u2019Almudena Franc\u00e9s interpreta el conte del Rei Astoret, una rondalla de l\u2019escriptor valenci\u00e0 Enric Valor\u201d.<\/p>\n<p>Respecte a l\u2019elecci\u00f3 de la contacontes ontinyentina com a conductora del Concert de Nadal 2017, Barber\u00e0 assegurava que \u201cla idea era treballar amb alg\u00fa \u2018de casa\u2019, i Almudena Franc\u00e9s era la persona m\u00e9s indicada. El seu treball \u00e9s ben reconegut al llarg i ample de la geografia valenciana i m\u00e9s enll\u00e0, i creiem que treballar junts en un projecte com aquest a la nostra ciutat \u00e9s una experi\u00e8ncia bonica que ens aporta beneficis a parts iguals, m\u00e9s encara quan l\u2019objectiu \u00e9s solidari\u201d.<\/p>\n<p>Com sempre, la recaptaci\u00f3 del concert ser\u00e0 solid\u00e0ria, a benefici de l\u2019associaci\u00f3 Inclou-TEA Vall d\u2019Albaida, una entitat creada el passat mes de maig amb l\u2019objectiu de treballar a la nostra comarca per la inclusi\u00f3 de les persones autistes. Finalment, des de la Uni\u00f3 convidaven a tota la ciutadania a assistir al concert: \u201camb tan sols 3\u20ac, viurem un mat\u00ed d\u2019all\u00f2 m\u00e9s m\u00e0gic imaginant amb un conte musicat, i celebrarem el Nadal fent una xicoteta aportaci\u00f3 per ajudar a la gent que m\u00e9s ho necessita\u201d.<\/p>\n<p>Les entrades estan a la venda a la Societat Uni\u00f3 Art\u00edstica Musical (C\/Dos de Maig 72), de dilluns a divendres de 17h a 20:30h, i el dia del concert a partir de les 11h en la taquilla del mateix Teatre Echegaray.<\/p>\n","protected":false},"excerpt":{"rendered":"<p>Ser\u00e0 diumenge 17 de desembre al Teatre Echegaray i la recaptaci\u00f3 solid\u00e0ria de 3\u20ac anir\u00e0 destinada enguany a l\u2019associaci\u00f3 Inclou-TEA d\u2019ajuda a les persones amb autisme.<\/p>\n","protected":false},"author":2,"featured_media":0,"comment_status":"closed","ping_status":"closed","sticky":false,"template":"","format":"standard","meta":{"footnotes":""},"categories":[56],"tags":[],"class_list":["post-7259","post","type-post","status-publish","format-standard","hentry","category-societats-musicals"],"_links":{"self":[{"href":"https:\/\/fsmcv.org\/vl\/wp-json\/wp\/v2\/posts\/7259","targetHints":{"allow":["GET"]}}],"collection":[{"href":"https:\/\/fsmcv.org\/vl\/wp-json\/wp\/v2\/posts"}],"about":[{"href":"https:\/\/fsmcv.org\/vl\/wp-json\/wp\/v2\/types\/post"}],"author":[{"embeddable":true,"href":"https:\/\/fsmcv.org\/vl\/wp-json\/wp\/v2\/users\/2"}],"replies":[{"embeddable":true,"href":"https:\/\/fsmcv.org\/vl\/wp-json\/wp\/v2\/comments?post=7259"}],"version-history":[{"count":0,"href":"https:\/\/fsmcv.org\/vl\/wp-json\/wp\/v2\/posts\/7259\/revisions"}],"wp:attachment":[{"href":"https:\/\/fsmcv.org\/vl\/wp-json\/wp\/v2\/media?parent=7259"}],"wp:term":[{"taxonomy":"category","embeddable":true,"href":"https:\/\/fsmcv.org\/vl\/wp-json\/wp\/v2\/categories?post=7259"},{"taxonomy":"post_tag","embeddable":true,"href":"https:\/\/fsmcv.org\/vl\/wp-json\/wp\/v2\/tags?post=7259"}],"curies":[{"name":"wp","href":"https:\/\/api.w.org\/{rel}","templated":true}]}}