{"id":727,"date":"2016-04-21T18:19:01","date_gmt":"2016-04-21T16:19:01","guid":{"rendered":"http:\/\/fsmcv.org\/?post_type=fsmcv-noticias&#038;p=727"},"modified":"2020-09-27T18:24:29","modified_gmt":"2020-09-27T18:24:29","slug":"les-societats-musicals-preparades-per-a-la-festa-del-pasdoble-dins-de-les-festes-de-moros-i-cristians-dalcoi","status":"publish","type":"post","link":"https:\/\/fsmcv.org\/vl\/noticies-campanyes\/musica-a-la-llum\/les-societats-musicals-preparades-per-a-la-festa-del-pasdoble-dins-de-les-festes-de-moros-i-cristians-dalcoi\/","title":{"rendered":"Les Societats Musicals preparades per a la Festa del Pasdoble, dins de les festes de Moros i Cristians d&#8217;Alcoi"},"content":{"rendered":"<p>Alcoi, 21 d&#8217;abril de 2016<\/p>\n<p>Les Festes de Moros i Cristians en honor a Sant Jordi arriben al seu punt \u00e0lgid aquest cap de setmana, festes declarades d&#8217;Inter\u00e8s Tur\u00edstic Internacional.<\/p>\n<p>Aquesta mateixa vesprada Alcoi d\u00f3na el tret d&#8217;eixida a les seues festes de Moros i Cristians de Sant Jordi 2016 amb el Dia dels M\u00fasics i la seua tradicional Festa de Pasdobles. Les diferents Corporacions Musicals que participaran en els actes festers de les Festes de Sant Jordi iniciaran la desfilada en l&#8217;avinguda del Pa\u00eds Valenci\u00e0 a l&#8217;altura del carrer Saint Lucia, continuat pel carrer Sant Lorenzo i acaba en la Pla\u00e7a d&#8217;Espanya. En arribar totes les formacions, al voltant de les 21:00, s&#8217;interpretar\u00e0 l&#8217;Himne de la Festa, dirigit per Hiroshi Fujii, finalitzant amb un castell de focs artificials en el pont de Sant Jordi.<\/p>\n<p>Per\u00f2 abans, enguany hi ha una novetat: a les 17:45 actuaran en la Bandeja de la Pla\u00e7a d&#8217;Espanya els Abanderados de la regi\u00f3 italiana d&#8217;Arezzo i a les 18:00h desfilaran les quatre agrupacions de &#8220;Dol\u00e7aines i Tabals&#8221; de la ciutat (Rebuig, Barxell, La Degoll\u00e0 i La Cordeta) pel mateix recorregut en el qual posteriorment desfilaran les bandes de la Festa del Pasdoble.<\/p>\n<p>La m\u00fasica \u00e9s un element fonamental en les festes de Moros i Cristians. Des de les primeres comparses fins a les actuals fil\u00e0s, la m\u00fasica sempre ha vingut acompanyant en cadascun dels actes festius. En l&#8217;actualitat, cada fil\u00e0 sempre va acompanyada per la mateixa banda i sol desfilar amb ella en els actes oficials.<\/p>\n<p>I \u00e9s que no es pot concebre la Festa sense la m\u00fasica, ja que \u00e9s l&#8217;element que propicia la desfilada i alegra l&#8217;esperit. Des del naixement de la Festa, la m\u00fasica ha estat incardinada en ella i ha anat evolucionant fins a arribar a les actuals composicions interpretades per grans bandes. Les fil\u00e0s amb la seua respectives associacions musicals s\u00f3n:<\/p>\n<p>Fil\u00e0s Cristianas<\/p>\n<p>Fil\u00e0 Andaluces: Agrupaci\u00f3 Art\u00edstica Musical Real de Gand\u00eda (Gand\u00eda, Valencia).<\/p>\n<p>Fil\u00e0 Asturianos: Uni\u00f3n Musical Belgidense (B\u00e9lgida, Valencia).<\/p>\n<p>Fil\u00e0 Cides: Uni\u00f3n Musical Atzeneta (Atzeneta d&#8217;Albaida, Valencia).<\/p>\n<p>Fil\u00e0 Labradores: Societat Musical Torissense (Tur\u00eds, Valencia).<\/p>\n<p>Fil\u00e0 Guzmanes: Societat Musical &#8216;El Delirio&#8217; (Gorga, Alicante).<\/p>\n<p>Fil\u00e0 Vascos: Societat Musical La Lira de Quatretonda (Quatretonda, Valencia).<\/p>\n<p>Fil\u00e0 Moz\u00e1rabes: Instructiva Musical de Alfarras\u00ed (Alfarras\u00ed, Valencia).<\/p>\n<p>Fil\u00e0 Almog\u00e1vares: Uni\u00f3n Musical Llutxent (Llutxent, Valencia).<\/p>\n<p>Fil\u00e0 Navarros: Societat Musical Beniatjarense (Beniatjar, Valencia).<\/p>\n<p>Fil\u00e0 Tomasinas: Agrupaci\u00f3n Musical El Serpis (Alcoy, Alicante).<\/p>\n<p>Fil\u00e0 Monta\u00f1eses: Uni\u00f3 Musical de l&#8217;Orxa (L&#8217;Orxa, Alicante).<\/p>\n<p>Fil\u00e0 Cruzados: Uni\u00f3 Musical d&#8217;Agres (Agres, Alicante).<\/p>\n<p>Fil\u00e0 Alcodianos: Societat Uni\u00f3 Musical de Pen\u00e0guila (Pen\u00e1guila, Alicante).<\/p>\n<p>Fil\u00e0 Aragoneses: Societat Musical La Nova de Palomar (Palomar, Valencia).<\/p>\n<p>Fil\u00e0s Moras<\/p>\n<p>Fil\u00e0 Llana: Societat Uni\u00f3 Musical d&#8217;Alcoi (Alcoy, Alicante).<\/p>\n<p>Fil\u00e0 Judios: Societat Musical Santa B\u00e0rbara (Bolbaite, Valencia).<\/p>\n<p>Fil\u00e0 Domingo Miques: Societat Musical Nova d&#8217;Alcoi (Alcoy, Alicante).<\/p>\n<p>Fil\u00e0 Chano: Uni\u00f3 Musical Contestana (Cocentaina, Alicante).<\/p>\n<p>Fil\u00e0 Verdes: Sociedad Ateneu Musical de Rafelguaraf (Rafelguaraf, Valencia).<\/p>\n<p>Fil\u00e0 Magenta: Uni\u00f3 Musical La Tropical (Benig\u00e0nim, Valencia).<\/p>\n<p>Fil\u00e0 Cord\u00f3n: Sociedad Ateneu Musical Cocentaina (Cocentaina, Alicante).<\/p>\n<p>Fil\u00e0 Ligeros: Uni\u00f3n Musical de Planes (Planes, Alicante).<\/p>\n<p>Fil\u00e0 Mud\u00e9jares: Societat Instructivo Musical (Benig\u00e0nim, Valencia).<\/p>\n<p>Fil\u00e0 Abencerrajes: Corporaci\u00f3 Musical Primitiva (Alcoy, Alicante).<\/p>\n<p>Fil\u00e0 Marrakesh: Societat Musical &#8216;La Pau&#8217; de Beneixama (Beneixama, Valencia).<\/p>\n<p>Fil\u00e0 Realistas: Uni\u00f3n Musical Albaidense (Albaida, Valencia).<\/p>\n<p>Fil\u00e0 Berberiscos: Societat Musical La Alianza (Mutxamel, Alicante).<\/p>\n<p>Fil\u00e0 Benimerines: Agrupaci\u00f3 Musical (Manuel, Valencia).<\/p>\n<p>Alcoi ha sigut la creadora de la m\u00fasica per a les festes de moros y cristians: el primer pasdoble dianero Mahomet de Juan Cant\u00f3 Franc\u00e9s data de 1882; la primera marxa mora A-Ben-Amet d&#8217;Antonio P\u00e9rez Verd\u00fa, fou estrenada en 1907; el gran m\u00fasic Amando Blanquer Ponsoda crea Al\u00b7leluia, la primera marxa cristiana en 1958. Per\u00f2 tamb\u00e9 els actes religiosos de la Festa tenen la seua m\u00fasica: gozos, himnes al Santo i, finalment, des de 1982, la Missa a Sant Jordi del mencionat Amando Blanquer.<\/p>\n<p>El divendres ser\u00e0 el Dia de les Entrades, que comen\u00e7ar\u00e0 a les 10.30h amb l&#8217;entrada dels Cristians i l&#8217;arribada del Capit\u00e0 a la Pla\u00e7a d&#8217;Espa\u00f1a, moment en qu\u00e8 la Fil\u00e1 Alcodianos li fa entrega de les claus de la Vila.<br \/>\nEnguany ostenta la capitania la Fil\u00e0 Moz\u00e1rabes, de Fil\u00e0 d&#8217;en Mig son els Aragoneses i el Alf\u00e9rez, la Fil\u00e0 Almog\u00e1vares.<\/p>\n","protected":false},"excerpt":{"rendered":"<p>Les Festes de Moros i Cristians en honor a Sant Jordi arriben al seu punt \u00e0lgid aquest cap de setmana, festes declarades d&#8217;Inter\u00e8s Tur\u00edstic Internaciona<\/p>\n","protected":false},"author":2,"featured_media":0,"comment_status":"closed","ping_status":"closed","sticky":false,"template":"","format":"standard","meta":{"footnotes":""},"categories":[10],"tags":[],"class_list":["post-727","post","type-post","status-publish","format-standard","hentry","category-musica-a-la-llum"],"_links":{"self":[{"href":"https:\/\/fsmcv.org\/vl\/wp-json\/wp\/v2\/posts\/727","targetHints":{"allow":["GET"]}}],"collection":[{"href":"https:\/\/fsmcv.org\/vl\/wp-json\/wp\/v2\/posts"}],"about":[{"href":"https:\/\/fsmcv.org\/vl\/wp-json\/wp\/v2\/types\/post"}],"author":[{"embeddable":true,"href":"https:\/\/fsmcv.org\/vl\/wp-json\/wp\/v2\/users\/2"}],"replies":[{"embeddable":true,"href":"https:\/\/fsmcv.org\/vl\/wp-json\/wp\/v2\/comments?post=727"}],"version-history":[{"count":0,"href":"https:\/\/fsmcv.org\/vl\/wp-json\/wp\/v2\/posts\/727\/revisions"}],"wp:attachment":[{"href":"https:\/\/fsmcv.org\/vl\/wp-json\/wp\/v2\/media?parent=727"}],"wp:term":[{"taxonomy":"category","embeddable":true,"href":"https:\/\/fsmcv.org\/vl\/wp-json\/wp\/v2\/categories?post=727"},{"taxonomy":"post_tag","embeddable":true,"href":"https:\/\/fsmcv.org\/vl\/wp-json\/wp\/v2\/tags?post=727"}],"curies":[{"name":"wp","href":"https:\/\/api.w.org\/{rel}","templated":true}]}}