{"id":7289,"date":"2017-12-15T09:46:06","date_gmt":"2017-12-15T08:46:06","guid":{"rendered":"https:\/\/fsmcv.org\/?post_type=fsmcv-noticias&#038;p=7289"},"modified":"2021-03-29T18:50:41","modified_gmt":"2021-03-29T16:50:41","slug":"fsmcv-reunio-directora-conservatori-valencia-obris-vies-collaboracio","status":"publish","type":"post","link":"https:\/\/fsmcv.org\/vl\/societats-musicals\/fsmcv-reunio-directora-conservatori-valencia-obris-vies-collaboracio\/","title":{"rendered":"La FSMCV es reuneix amb la directora del Conservatori de Val\u00e8ncia per obrir vies de col\u00b7laboraci\u00f3"},"content":{"rendered":"<p><em>Els representants d&#8217;ambdues institucions van tractar temes d&#8217;inter\u00e8s com\u00fa per a millorar les condicions de l&#8217;estudi de la m\u00fasica, com la realitzaci\u00f3 de pr\u00e0ctiques en bandes i orquestres, la possibilitat d&#8217;oferir resid\u00e8ncies a estudiants Erasmus, o la necessitat de disposar d&#8217;un Mapa Escolar d&#8217;Estudis Musicals.<\/em><\/p>\n<p>Pedro Rodr\u00edguez, president de la Federaci\u00f3 de Societats Musicals de la Comunitat Valenciana, i Remigi Morant, vicepresident i responsable de l&#8217;\u00c0rea d&#8217;Escoles de M\u00fasica de la FSMCV, es van reunir en la vesprada d&#8217;ahir amb la directora del Conservatori Superior de Val\u00e8ncia, M\u00aa Dolores Tom\u00e1s Calatayud, per a establir un primer contacte entre ambdues entitats que \u00f2briga vies de col\u00b7laboraci\u00f3 entre dues institucions referents de la m\u00fasica valenciana.<\/p>\n<p>En un clima cordial es van anar desglossant diferents temes amb la finalitat d&#8217;establir possibles camins que milloren les condicions d&#8217;estudi dels estudiants de m\u00fasica.<\/p>\n<p>En eixa l\u00ednia es va comentar la possibilitat d&#8217;oferir resid\u00e8ncies en societats musicals i escoles de m\u00fasica a estudiants estrangers que gr\u00e0cies al programa europeu d&#8217;estudis, Erasmus, resideixen a Val\u00e8ncia durant uns mesos. Tamb\u00e9 es va plantejar la realitzaci\u00f3 de pr\u00e0ctiques d&#8217;estudiants a les bandes i orquestres de les societats musicals, o la possibilitat que els locals de les entitats associatives puguen ser llocs de trobada i assaig per a m\u00fasics de fora de Val\u00e8ncia i que tenen dificultats per a assajar durant els caps de setmana. Aix\u00ed mateix, la directora del Conservatori Superior va explicar el programa solidari que mantenen amb Uganda de recollida, reparaci\u00f3 i enviament d&#8217;instruments musicals, convidant a la FSMCV a col\u00b7laborar en el mateix.<\/p>\n<p>Finalment, els responsables de la FSMCV van comentar tamb\u00e9 la recent presentaci\u00f3 del model d&#8217;Escoles de M\u00fasica defensat per la Federaci\u00f3 fa unes setmanes, aix\u00ed com la confecci\u00f3 d&#8217;un escrit amb destinaci\u00f3 al professorat dels conservatoris amb la finalitat d&#8217;explicar la posici\u00f3 de l&#8217;entitat respecte a determinats aspectes de l&#8217;ensenyament musical en la nostra comunitat i la necessitat de comptar amb un Mapa Escolar dels Estudis Musicals que duga a terme la Conselleria d\u2019Educaci\u00f3, Investigaci\u00f3, Cultura i Esport.<\/p>\n<p>Ambdues entitats es van comprometre a pensar en les propostes comentades i a treballar en elles per a aconseguir programes de col\u00b7laboraci\u00f3.<\/p>\n<h4>Documents<\/h4>\n<p><a href=\"https:\/\/fsmcv.org\/BTnet-storage\/wp-uploads\/2017\/12\/Carta-para-profesores-de-conservatorios.pdf\" target=\"_blank\" rel=\"noopener noreferrer\">Carta per al professorat dels conservatoris de la Comunitat Valenciana<\/a><\/p>\n","protected":false},"excerpt":{"rendered":"<p>Els representants d&#8217;ambdues institucions van tractar temes d&#8217;inter\u00e8s com\u00fa per a millorar les condicions de l&#8217;estudi de la m\u00fasica, com la realitzaci\u00f3 de pr\u00e0ctiques en bandes i orquestres, la possibilitat d&#8217;oferir resid\u00e8ncies a estudiants Erasmus, o la necessitat de disposar d&#8217;un Mapa Escolar d&#8217;Estudis Musicals.<\/p>\n","protected":false},"author":2,"featured_media":0,"comment_status":"closed","ping_status":"closed","sticky":false,"template":"","format":"standard","meta":{"footnotes":""},"categories":[56],"tags":[],"class_list":["post-7289","post","type-post","status-publish","format-standard","hentry","category-societats-musicals"],"_links":{"self":[{"href":"https:\/\/fsmcv.org\/vl\/wp-json\/wp\/v2\/posts\/7289","targetHints":{"allow":["GET"]}}],"collection":[{"href":"https:\/\/fsmcv.org\/vl\/wp-json\/wp\/v2\/posts"}],"about":[{"href":"https:\/\/fsmcv.org\/vl\/wp-json\/wp\/v2\/types\/post"}],"author":[{"embeddable":true,"href":"https:\/\/fsmcv.org\/vl\/wp-json\/wp\/v2\/users\/2"}],"replies":[{"embeddable":true,"href":"https:\/\/fsmcv.org\/vl\/wp-json\/wp\/v2\/comments?post=7289"}],"version-history":[{"count":0,"href":"https:\/\/fsmcv.org\/vl\/wp-json\/wp\/v2\/posts\/7289\/revisions"}],"wp:attachment":[{"href":"https:\/\/fsmcv.org\/vl\/wp-json\/wp\/v2\/media?parent=7289"}],"wp:term":[{"taxonomy":"category","embeddable":true,"href":"https:\/\/fsmcv.org\/vl\/wp-json\/wp\/v2\/categories?post=7289"},{"taxonomy":"post_tag","embeddable":true,"href":"https:\/\/fsmcv.org\/vl\/wp-json\/wp\/v2\/tags?post=7289"}],"curies":[{"name":"wp","href":"https:\/\/api.w.org\/{rel}","templated":true}]}}