{"id":72958,"date":"2024-06-20T13:14:41","date_gmt":"2024-06-20T11:14:41","guid":{"rendered":"https:\/\/fsmcv.org\/certamens\/caixa-popular-i-lfsmcv-presenten-el-cicle-de-concerts-la-musica-que-ens-uneix\/"},"modified":"2024-06-25T10:18:31","modified_gmt":"2024-06-25T08:18:31","slug":"caixa-popular-i-lfsmcv-presenten-el-cicle-de-concerts-la-musica-que-ens-uneix","status":"publish","type":"post","link":"https:\/\/fsmcv.org\/vl\/noticies-campanyes\/caixa-popular-i-lfsmcv-presenten-el-cicle-de-concerts-la-musica-que-ens-uneix\/","title":{"rendered":"Caixa Popular i l\u2019FSMCV presenten el cicle de concerts \u2018La m\u00fasica que ens uneix\u2019"},"content":{"rendered":"\n<ul class=\"wp-block-list\">\n<li>El cicle comen\u00e7ar\u00e0 el 27 de juny en l\u2019auditori de la Societat Instructiva Musical de Tavernes de la Valldigna.<\/li>\n<\/ul>\n\n<p><\/p>\n\n<p><strong>Val\u00e8ncia, 20 de juny 2024<\/strong> &#8211; Caixa Popular i la Federaci\u00f3 de Societats Musicals de la Comunitat Valenciana (FSMCV) anuncien el llan\u00e7ament del cicle de concerts \u2018La m\u00fasica que ens uneix\u2019. Aquest projecte, emmarcat en el conveni de col\u00b7laboraci\u00f3 entre totes dues entitats, busca visibilitzar i posar en valor el treball, el comprom\u00eds i la dedicaci\u00f3 de les persones majors que integren les societats musicals de la Comunitat Valenciana.<\/p>\n\n<p>El projecte t\u00e9 com a objectiu ressaltar la singularitat d\u2019aquest moviment art\u00edstic, educatiu i social, reconegut mundialment per la seua capacitat innata d\u2019unir generacions a trav\u00e9s de la m\u00fasica.<\/p>\n\n<p>A trav\u00e9s d\u2019aquest cicle de concerts, Caixa Popular i l\u2019FSMCV pretenen retre homenatge a les persones majors i destacar la seua contribuci\u00f3 al teixit social i cultural valenci\u00e0. La iniciativa inclou un programa de concerts que fomenta valors com la intergeneracionalitat, amb concerts en qu\u00e8 participen tant bandes s\u00e8nior com bandes integrades per gent jove, fomentant aix\u00ed la seua interrelaci\u00f3.<\/p>\n\n<p>El cicle de concerts pret\u00e9n servir com una plataforma per a destacar el valor de la m\u00fasica com a eina de benestar f\u00edsic i emocional, especialment en la tercera edat. A m\u00e9s, busca fomentar el desenvolupament d\u2019aquest col\u00b7lectiu, reconeixent el seu potencial per a generar m\u00e9s benestar social, promovent la inclusi\u00f3 i el respecte a la diversitat.<\/p>\n\n<p>Aquesta iniciativa sorgeix a partir de l\u2019alian\u00e7a aconseguida entre totes dues entitats l\u2019any passat i en qu\u00e8 totes dues entitats conflueixen en la seua vocaci\u00f3 de promoure, protegir i difondre la cultura i les tradicions valencianes materialitzades per les societats musicals, presents gaireb\u00e9 en tots els municipis del nostre territori, enfortint aix\u00ed un projecte que naix de l\u2019associacionisme i que endinsa les seues arrels en la nostra societat.<\/p>\n\n<p>\u201cGr\u00e0cies a poder llan\u00e7ar \u2018La m\u00fasica que ens uneix\u2019 amb Caixa Popular des de l\u2019FSMCV posem \u00e8mfasi en els valors que es transmeten de generaci\u00f3 en generaci\u00f3. Els lla\u00e7os intergeneracionals, el suport mutu i els valors compartits creen un entorn propici per a formar-te, no sols com a m\u00fasics, sin\u00f3 com a persones amb valors. En les societats musicals es crea una segona fam\u00edlia i els nostres majors s\u00f3n un pilar fonamental per al creixement i el desenvolupament dels nostres joves. Es generen relacions molt boniques i fruct\u00edferes i amb aquest cicle de concerts es faran patents\u201d, ha afirmat Daniela Gonz\u00e1lez, presidenta de la Federaci\u00f3 de Societats Musicals de la Comunitat Valenciana.<\/p>\n\n<p>Per part seua, Jos\u00e9 Maties D\u00edez afirma: \u201cCaixa Popular s\u2019enorgulleix de donar suport a aquest projecte que no sols celebra la m\u00fasica, sin\u00f3 tamb\u00e9 el comprom\u00eds i la dedicaci\u00f3 dels nostres majors. Creiem fermament en el poder de la m\u00fasica per a unir generacions i fomentar la cohesi\u00f3 social\u201d.<\/p>\n\n<p><strong>Programaci\u00f3<\/strong><strong><\/strong><\/p>\n\n<ul class=\"wp-block-list\">\n<li>27\/06 a les 19.30h. Concert a Tavernes de la Valldigna de la Societat Instructiva Uni\u00f3 Musical (Auditori de la Societat Instructiva Uni\u00f3 Musical).<\/li>\n\n\n\n<li>29\/06 a les 19.30h. Concert a Sedav\u00ed de l\u2019Agrupaci\u00f3 Musical Santa Cec\u00edlia de Sedav\u00ed. (Sala Vicente Ruiz Monrabal de l\u2019Agrupaci\u00f3 Musical Santa Cec\u00edlia).<\/li>\n\n\n\n<li>6\/07 a les 19h. Concert a Ll\u00edria de la Banda musical UDP Ll\u00edria, Camp de T\u00faria -Serrans (Teatre de la Llar de les Persones Majors).<\/li>\n\n\n\n<li>7\/07 a les 19.30h. Concert a Castell\u00f3 de la Societat Musical Lira Castellonera (Auditori Municipal Rex).<\/li>\n\n\n\n<li>13\/07 a les 19.30h. Concert a Torrent de la Uni\u00f3 Musical de Torrent (Ubicaci\u00f3 per determinar).<\/li>\n\n\n\n<li>27\/10 a les 11h. Concert a Burjassot de l\u2019Agrupaci\u00f3 Musical Los Silos (Auditori Casa de la Cultura).<\/li>\n\n\n\n<li>10\/11 a les 12h. Concerts a Aldaia de l\u2019Agrupaci\u00f3 Musical Els Majors de l\u2019Horta Sud (TAMA \u2014 Teatre Auditori Municipal d\u2019Aldaia).<\/li>\n<\/ul>\n\n<p>L\u2019FSMCV est\u00e0 integrada per 547 societats musicals, que, amb les seues escoles de m\u00fasica respectives, reuneixen m\u00e9s de 47.000 m\u00fasics, 60.000 alumnes, m\u00e9s de 600 centres educatius, 5.000 professors i m\u00e9s de 200.000 associats. Les societats musicals de la Comunitat Valenciana constitueixen un moviment art\u00edstic, social i educatiu, considerat \u00fanic en el m\u00f3n i \u00e9s per aix\u00f2 que han sigut reconegudes com a B\u00e9 d\u2019Inter\u00e9s Cultural Immaterial (BIC), Manifestaci\u00f3 Representativa del Patrimoni Cultural Immaterial a Espanya i Recurs Tur\u00edstic de primer ordre.<\/p>\n\n<p>Caixa Popular, amb m\u00e9s de 40 anys d\u2019hist\u00f2ria, ofereix un model de banca de proximitat, amb valors i amb una sensibilitat social que la diferencia de la resta de les entitats. Destaca per la gesti\u00f3 transparent i professional i per la seua solv\u00e8ncia Una cooperativa que creix i basa aquest creixement a continuar generant riquesa local.<\/p>\n","protected":false},"excerpt":{"rendered":"<p>Val\u00e8ncia, 20 de juny 2024 &#8211; Caixa Popular i la Federaci\u00f3 de Societats Musicals de la Comunitat Valenciana (FSMCV) anuncien el llan\u00e7ament del cicle de concerts \u2018La m\u00fasica que ens uneix\u2019. Aquest projecte, emmarcat en el conveni de col\u00b7laboraci\u00f3 entre totes dues entitats, busca visibilitzar i posar en valor el treball, el comprom\u00eds i la [&hellip;]<\/p>\n","protected":false},"author":17,"featured_media":72956,"comment_status":"open","ping_status":"closed","sticky":false,"template":"","format":"standard","meta":{"footnotes":""},"categories":[215],"tags":[],"class_list":["post-72958","post","type-post","status-publish","format-standard","has-post-thumbnail","hentry","category-noticies-campanyes"],"_links":{"self":[{"href":"https:\/\/fsmcv.org\/vl\/wp-json\/wp\/v2\/posts\/72958","targetHints":{"allow":["GET"]}}],"collection":[{"href":"https:\/\/fsmcv.org\/vl\/wp-json\/wp\/v2\/posts"}],"about":[{"href":"https:\/\/fsmcv.org\/vl\/wp-json\/wp\/v2\/types\/post"}],"author":[{"embeddable":true,"href":"https:\/\/fsmcv.org\/vl\/wp-json\/wp\/v2\/users\/17"}],"replies":[{"embeddable":true,"href":"https:\/\/fsmcv.org\/vl\/wp-json\/wp\/v2\/comments?post=72958"}],"version-history":[{"count":0,"href":"https:\/\/fsmcv.org\/vl\/wp-json\/wp\/v2\/posts\/72958\/revisions"}],"wp:featuredmedia":[{"embeddable":true,"href":"https:\/\/fsmcv.org\/vl\/wp-json\/wp\/v2\/media\/72956"}],"wp:attachment":[{"href":"https:\/\/fsmcv.org\/vl\/wp-json\/wp\/v2\/media?parent=72958"}],"wp:term":[{"taxonomy":"category","embeddable":true,"href":"https:\/\/fsmcv.org\/vl\/wp-json\/wp\/v2\/categories?post=72958"},{"taxonomy":"post_tag","embeddable":true,"href":"https:\/\/fsmcv.org\/vl\/wp-json\/wp\/v2\/tags?post=72958"}],"curies":[{"name":"wp","href":"https:\/\/api.w.org\/{rel}","templated":true}]}}