{"id":7302,"date":"2017-12-15T11:23:53","date_gmt":"2017-12-15T10:23:53","guid":{"rendered":"https:\/\/fsmcv.org\/?post_type=fsmcv-noticias&#038;p=7302"},"modified":"2021-03-29T18:50:27","modified_gmt":"2021-03-29T16:50:27","slug":"fsmcv-solicita-incorporacion-patronato-palau-les-arts-reina-sofia","status":"publish","type":"post","link":"https:\/\/fsmcv.org\/vl\/societats-musicals\/fsmcv-solicita-incorporacion-patronato-palau-les-arts-reina-sofia\/","title":{"rendered":"La FSMCV sol\u00b7licita la seua incorporaci\u00f3 al patronat del Palau de Les Arts Reina Sofia"},"content":{"rendered":"<p>La Federaci\u00f3 de Societats Musicals de la Comunitat Valenciana (FSMCV) reivindica la seua pres\u00e8ncia en el patronat del Palau de Les Arts Reina Sofia i aix\u00ed ho ha manifestat en una conversa mantinguda ahir entre el President de l&#8217;entitat, Pedro Rodr\u00edguez, i el Secretari Auton\u00f2mic de Cultura, Albert Girona.<\/p>\n<blockquote><p>\u201c<em>\u00c9s necessari que el Palau dels Arts s&#8217;acoste a la societat i la millor forma de fer-ho \u00e9s que per fi les Societats Musicals passen a formar part del coliseu i de la seua programaci\u00f3 de manera significativa<\/em>\u201d, ha declarat Pedro Rodr\u00edguez, president de la FSMCV.<\/p><\/blockquote>\n<p>Des de la Federaci\u00f3 s&#8217;ha destacat que malgrat el conveni signat el passat 29 de mar\u00e7 amb Les Arts, acord que va ser rubricat al costat del exintendent, Davide Livermore, en el qual s&#8217;assenyalava que s&#8217;iniciava el cam\u00ed per a la col\u00b7laboraci\u00f3 d&#8217;ambdues entitats en activitats de formaci\u00f3, divulgaci\u00f3 i promoci\u00f3 musical, fins al moment no s&#8217;ha realitzat pr\u00e0cticament cap moviment i nom\u00e9s s&#8217;esperen tres dates per a convocat\u00f2ria d&#8217;actuacions de Bandes de M\u00fasica de Societats Musicals en la programaci\u00f3 del mateix.<\/p>\n<p>Actualment, la quantitat destinada a l&#8217;activitat relacionada amb Societats Musicals per Les Arts \u00e9s de 60.000 euros que, encara que originalment donaven per a actuacions de 20 Bandes de M\u00fasica, per a la temporada 2017-2018 no anir\u00e0 m\u00e9s enll\u00e0 de 6 at\u00e8s que les pr\u00f2pies despeses de funcionament de les sales i l&#8217;organitzaci\u00f3 del certamen auton\u00f2mic absorbeixen aquest pressupost en la seua major part.<\/p>\n<p>De fet, la FSMCV ha demanat en les seues reunions amb tots els grups parlamentaris m\u00e9s ajudes per a augmentar la partida que Les Arts destina a les Societats Musicals i la petici\u00f3 no ha sigut atesa fins ara. Finalment, des de la FSMCV s&#8217;ha indicat al Secretari Auton\u00f2mic de Cultura que \u00e9s necessari que hi haja una major pres\u00e8ncia valenciana en el coliseu. En aquest sentit, no es refereix la Federaci\u00f3 nom\u00e9s a les Societats Musicals, sin\u00f3 a la m\u00fasica valenciana en general. Dels nostres m\u00fasics i la nostra m\u00fasica, directors d&#8217;orquestra, compositors, etc., per a mostrar al m\u00f3n i divulgar, des d&#8217;una gran plataforma com aquesta, l&#8217;excel\u00b7lent nivell musical de la Comunitat.<\/p>\n","protected":false},"excerpt":{"rendered":"<p>Malgrat el conveni signat el passat mes de mar\u00e7, des de la Federaci\u00f3 s&#8217;assegura que no s&#8217;han realitzat avan\u00e7os per a incrementar la pres\u00e8ncia de les Societats Musicals en el coliseu.<\/p>\n","protected":false},"author":2,"featured_media":0,"comment_status":"closed","ping_status":"closed","sticky":false,"template":"","format":"standard","meta":{"footnotes":""},"categories":[56],"tags":[],"class_list":["post-7302","post","type-post","status-publish","format-standard","hentry","category-societats-musicals"],"_links":{"self":[{"href":"https:\/\/fsmcv.org\/vl\/wp-json\/wp\/v2\/posts\/7302","targetHints":{"allow":["GET"]}}],"collection":[{"href":"https:\/\/fsmcv.org\/vl\/wp-json\/wp\/v2\/posts"}],"about":[{"href":"https:\/\/fsmcv.org\/vl\/wp-json\/wp\/v2\/types\/post"}],"author":[{"embeddable":true,"href":"https:\/\/fsmcv.org\/vl\/wp-json\/wp\/v2\/users\/2"}],"replies":[{"embeddable":true,"href":"https:\/\/fsmcv.org\/vl\/wp-json\/wp\/v2\/comments?post=7302"}],"version-history":[{"count":0,"href":"https:\/\/fsmcv.org\/vl\/wp-json\/wp\/v2\/posts\/7302\/revisions"}],"wp:attachment":[{"href":"https:\/\/fsmcv.org\/vl\/wp-json\/wp\/v2\/media?parent=7302"}],"wp:term":[{"taxonomy":"category","embeddable":true,"href":"https:\/\/fsmcv.org\/vl\/wp-json\/wp\/v2\/categories?post=7302"},{"taxonomy":"post_tag","embeddable":true,"href":"https:\/\/fsmcv.org\/vl\/wp-json\/wp\/v2\/tags?post=7302"}],"curies":[{"name":"wp","href":"https:\/\/api.w.org\/{rel}","templated":true}]}}