{"id":73125,"date":"2024-06-27T14:44:07","date_gmt":"2024-06-27T12:44:07","guid":{"rendered":"https:\/\/fsmcv.org\/certamens\/ix-curs-de-direccio-musical-de-lagrupacio-musical-vila-de-calig\/"},"modified":"2024-06-27T14:46:09","modified_gmt":"2024-06-27T12:46:09","slug":"ix-curs-de-direccio-musical-de-lagrupacio-musical-vila-de-calig","status":"publish","type":"post","link":"https:\/\/fsmcv.org\/vl\/societats-musicals\/ix-curs-de-direccio-musical-de-lagrupacio-musical-vila-de-calig\/","title":{"rendered":"IX curs de Direcci\u00f3 musical de l&#8217;Agrupaci\u00f3 Musical Vila de C\u00e0lig"},"content":{"rendered":"\n<p>Des de <em>l\u2019Agrupaci\u00f3 Musical Vila de C\u00e0lig,<\/em> recuperem el IX curs de Direcci\u00f3 musical amb Francisco Melero. Si \u00e9s del seu inter\u00e9s, ser\u00e0 tot un plaer comptar amb la seua pres\u00e8ncia.<br\/>Per altra banda, els agrair\u00edem que tinguen a b\u00e9 fer difusi\u00f3 al seu professorat aix\u00ed com al seu departament de direcci\u00f3 musical.<br\/><br\/>Abans d\u2019acomiadar-nos, els adjuntem un arxiu amb tota la informaci\u00f3 rellevant del curs i, tamb\u00e9, l\u2019enlla\u00e7 al formulari d\u2019inscripci\u00f3:<\/p>\n\n<p><a href=\"https:\/\/docs.google.com\/forms\/d\/e\/1FAIpQLSdOrYJ4FtLrjlB5ZS1OybGnxEAyaJ48RdU_9Ln9sT_qRZA6Tw\/viewform?usp=send_form\" target=\"_blank\" rel=\"noopener\">https:\/\/docs.google.com\/forms\/d\/e\/1FAIpQLSdOrYJ4FtLrjlB5ZS1OybGnxEAyaJ48RdU_9Ln9sT_qRZA6Tw\/viewform?usp=send_form<\/a><\/p>\n","protected":false},"excerpt":{"rendered":"<p>Des de l\u2019Agrupaci\u00f3 Musical Vila de C\u00e0lig, recuperem el IX curs de Direcci\u00f3 musical amb Francisco Melero. Si \u00e9s del seu inter\u00e9s, ser\u00e0 tot un plaer comptar amb la seua pres\u00e8ncia.Per altra banda, els agrair\u00edem que tinguen a b\u00e9 fer difusi\u00f3 al seu professorat aix\u00ed com al seu departament de direcci\u00f3 musical. Abans d\u2019acomiadar-nos, els [&hellip;]<\/p>\n","protected":false},"author":17,"featured_media":73123,"comment_status":"open","ping_status":"closed","sticky":false,"template":"","format":"standard","meta":{"footnotes":""},"categories":[56],"tags":[],"class_list":["post-73125","post","type-post","status-publish","format-standard","has-post-thumbnail","hentry","category-societats-musicals"],"_links":{"self":[{"href":"https:\/\/fsmcv.org\/vl\/wp-json\/wp\/v2\/posts\/73125","targetHints":{"allow":["GET"]}}],"collection":[{"href":"https:\/\/fsmcv.org\/vl\/wp-json\/wp\/v2\/posts"}],"about":[{"href":"https:\/\/fsmcv.org\/vl\/wp-json\/wp\/v2\/types\/post"}],"author":[{"embeddable":true,"href":"https:\/\/fsmcv.org\/vl\/wp-json\/wp\/v2\/users\/17"}],"replies":[{"embeddable":true,"href":"https:\/\/fsmcv.org\/vl\/wp-json\/wp\/v2\/comments?post=73125"}],"version-history":[{"count":0,"href":"https:\/\/fsmcv.org\/vl\/wp-json\/wp\/v2\/posts\/73125\/revisions"}],"wp:featuredmedia":[{"embeddable":true,"href":"https:\/\/fsmcv.org\/vl\/wp-json\/wp\/v2\/media\/73123"}],"wp:attachment":[{"href":"https:\/\/fsmcv.org\/vl\/wp-json\/wp\/v2\/media?parent=73125"}],"wp:term":[{"taxonomy":"category","embeddable":true,"href":"https:\/\/fsmcv.org\/vl\/wp-json\/wp\/v2\/categories?post=73125"},{"taxonomy":"post_tag","embeddable":true,"href":"https:\/\/fsmcv.org\/vl\/wp-json\/wp\/v2\/tags?post=73125"}],"curies":[{"name":"wp","href":"https:\/\/api.w.org\/{rel}","templated":true}]}}