{"id":7360,"date":"2017-12-21T09:27:34","date_gmt":"2017-12-21T08:27:34","guid":{"rendered":"https:\/\/fsmcv.org\/?post_type=fsmcv-noticias&#038;p=7360"},"modified":"2021-03-29T18:48:11","modified_gmt":"2021-03-29T16:48:11","slug":"centenaria-banda-sim-el-palmar-actua-mercat-colon","status":"publish","type":"post","link":"https:\/\/fsmcv.org\/vl\/societats-musicals\/centenaria-banda-sim-el-palmar-actua-mercat-colon\/","title":{"rendered":"La centen\u00e0ria banda de la SIM El Palmar actua en el Mercat de Col\u00f3n"},"content":{"rendered":"<p>La banda simf\u00f2nica de la Societat Instructiva Musical El Palmar, que enguany compleix 100 anys de la seua fundaci\u00f3, oferir\u00e0 un concert al Mercat de Col\u00f3n de Val\u00e8ncia el pr\u00f2xim divendres 22 de desembre a les 18:30. L\u2019actuaci\u00f3 s\u2019inscriu en el cicle &#8220;M\u00fasica al carrer&#8221; que organitza la Coordinadora de Societats Musicals Federades de la ciutat de Val\u00e8ncia (Cosomuval) amb la col\u00b7laboraci\u00f3 de l\u2019Ajuntament de Val\u00e8ncia i el Palau de la M\u00fasica.<\/p>\n<p>Baix la direcci\u00f3 de Jorge Peir\u00f3 Marco, l\u2019agrupaci\u00f3 interpretar\u00e0 els pasdobles <i>Primavera<\/i>, d\u2019A. Gisbert i <i>Emilio y Angelita<\/i> d\u2019E. C\u00e1rcel, per a continuar amb <i>La gran v\u00eda<\/i> de Chueca y Valverde y <i>L\u2019Arlesienne<\/i>, de G. Bizet.<\/p>\n<p>El concert conclour\u00e0 amb <i>Medley Villancicos<\/i> de S\u00e1nchez Torrella i <i>A Christmas Festival<\/i> de Leroy Anderson.<\/p>\n<p>Amb este concert del divendres, conclou el cicle \u201cM\u00fasica al carrer\u201d\u00a0 que es va iniciar el passat mes de juny. Una iniciativa en la qual han participat 13 bandes\u00a0 de m\u00fasica que han actuat en llocs emblem\u00e0tics de la ciutat com la pla\u00e7a del Mercat, el parc de Benicalap, el parc de Vivers, la pla\u00e7a de les Drassanes, el parc de la Gu\u00e0rdia Civil (Benimaclet) o el Mercat de Col\u00f3n.<\/p>\n<h4>Una banda centen\u00e0ria<\/h4>\n<p>La Banda de M\u00fasica d&#8217;esta Societat va ser fundada l&#8217;any 1.917, gr\u00e0cies a l&#8217;esfor\u00e7 del mestre d&#8217;escola D. Jer\u00f3nimo Rull\u00e1n Torres i del metge D. Emilio Vidal Miralles, i un grup de joves de la localitat. Va tindre la seua primera actuaci\u00f3 el dia del Corpus del mateix any. En la seua fundaci\u00f3 es denomina Banda de M\u00fasica del Xiquet Jes\u00fas de l&#8217;Hort, sent l&#8217;any 1.922 quan s&#8217;inaugura el Casino Musical i adopta el seu actual nom de Societat Instructiu Musical.<\/p>\n<p>L&#8217;any 1.949 \u00e9s requerida pel director de cine D. Rafael Romero Marchent per a actuar a Madrid, aportant la m\u00fasica de la pel\u00b7l\u00edcula \u201cFlor de Lago\u201d. \u00c9s invitada a actuar en el 1er Congr\u00e9s Nacional de Periodistes. En la seua dilatada hist\u00f2ria ha actuat en nombrosos festivals, concerts i actes d&#8217;\u00edndole molt variada. En 1.987 i 1.995, participa en el Certamen de M\u00fasica de la Diputaci\u00f3 de Val\u00e8ncia.<\/p>\n<p>En 1.996 i 1.998 participa en el Certamen Internacional de M\u00fasica Ciutat de Val\u00e8ncia, obt\u00e9 un meritori primer premi de la secci\u00f3 tercera, i un tercer premi de la secci\u00f3 segona, respectivament.<\/p>\n<p>Al maig de 2.000 assumeix la direcci\u00f3 de la Banda D. Jorge Peir\u00f3 Marco.<\/p>\n<p>La Societat Instructiu Musical esta inscrita des del 26 d&#8217;Abril de 1.975 en la Federaci\u00f3 de Societats Musicals de la Comunitat Val\u00e8ncia amb el N\u00fam. 111. \u00c9s tamb\u00e9 fundadora de la Coordinadora de Societats Musicals Federades de la Ciutat de Val\u00e8ncia.<\/p>\n<p>Est\u00e0 en possessi\u00f3 de la Medalla de la Belles Arts del Ministeri de Cultura i la Medalla d&#8217;Alta Distinci\u00f3 de la Generalitat Valenciana. Al mar\u00e7 de 2007 li va ser concedida per la Diputaci\u00f3 de Val\u00e8ncia la Medalla al M\u00e8rit Cultural. A l&#8217;agost de 2007 la Federaci\u00f3 de Societats Musicals de la Comunitat Val\u00e8ncia li atorga la Medalla de Plata per la seua labor musical i dedicaci\u00f3 en el seu 90 aniversari.<\/p>\n<p>En el mes de juny va celebrar cent anys des del seu fundaci\u00f3.<\/p>\n<h4>Programa<\/h4>\n<p><a href=\"https:\/\/fsmcv.org\/BTnet-storage\/wp-uploads\/2017\/12\/SIMPalmar-Colon-22122017.pdf\" target=\"_blank\" rel=\"noopener noreferrer\">Descarrega el programa del concert en PDF.<\/a><\/p>\n","protected":false},"excerpt":{"rendered":"<p>La banda simf\u00f2nica de la Societat Instructiva Musical El Palmar, que enguany compleix 100 anys de la seua fundaci\u00f3, oferir\u00e0 un concert al Mercat de Col\u00f3n de Val\u00e8ncia el pr\u00f2xim divendres 22 de desembre a les 18:30. <\/p>\n","protected":false},"author":2,"featured_media":0,"comment_status":"closed","ping_status":"closed","sticky":false,"template":"","format":"standard","meta":{"footnotes":""},"categories":[56],"tags":[],"class_list":["post-7360","post","type-post","status-publish","format-standard","hentry","category-societats-musicals"],"_links":{"self":[{"href":"https:\/\/fsmcv.org\/vl\/wp-json\/wp\/v2\/posts\/7360","targetHints":{"allow":["GET"]}}],"collection":[{"href":"https:\/\/fsmcv.org\/vl\/wp-json\/wp\/v2\/posts"}],"about":[{"href":"https:\/\/fsmcv.org\/vl\/wp-json\/wp\/v2\/types\/post"}],"author":[{"embeddable":true,"href":"https:\/\/fsmcv.org\/vl\/wp-json\/wp\/v2\/users\/2"}],"replies":[{"embeddable":true,"href":"https:\/\/fsmcv.org\/vl\/wp-json\/wp\/v2\/comments?post=7360"}],"version-history":[{"count":0,"href":"https:\/\/fsmcv.org\/vl\/wp-json\/wp\/v2\/posts\/7360\/revisions"}],"wp:attachment":[{"href":"https:\/\/fsmcv.org\/vl\/wp-json\/wp\/v2\/media?parent=7360"}],"wp:term":[{"taxonomy":"category","embeddable":true,"href":"https:\/\/fsmcv.org\/vl\/wp-json\/wp\/v2\/categories?post=7360"},{"taxonomy":"post_tag","embeddable":true,"href":"https:\/\/fsmcv.org\/vl\/wp-json\/wp\/v2\/tags?post=7360"}],"curies":[{"name":"wp","href":"https:\/\/api.w.org\/{rel}","templated":true}]}}