{"id":73854,"date":"2024-09-02T10:24:42","date_gmt":"2024-09-02T08:24:42","guid":{"rendered":"https:\/\/fsmcv.org\/certamens\/publicacio-de-les-bases-de-la-campanya-de-difusio-de-musica-i-teatre-2025\/"},"modified":"2024-09-02T10:38:13","modified_gmt":"2024-09-02T08:38:13","slug":"publicacio-de-les-bases-de-la-campanya-de-difusio-de-musica-i-teatre-2025","status":"publish","type":"post","link":"https:\/\/fsmcv.org\/vl\/convocatories-publiques\/publicacio-de-les-bases-de-la-campanya-de-difusio-de-musica-i-teatre-2025\/","title":{"rendered":"Publicaci\u00f3 de les bases de la &#8220;Campanya de difusi\u00f3 de m\u00fasica i teatre 2025&#8221;"},"content":{"rendered":"\n<p><strong>Finalitat<\/strong><\/p>\n\n<p>L&#8217;elaboraci\u00f3 d&#8217;un cat\u00e0leg de grups, companyies i int\u00e8rprets de la prov\u00edncia d&#8217;Alacant, amb la finalitat de posar a l&#8217;abast dels Ajuntaments de la prov\u00edncia la ferramenta necess\u00e0ria per a triar i poder presentar les seues sol\u00b7licituds de participaci\u00f3 en la convocat\u00f2ria de subvencions de la Diputaci\u00f3 Provincial d&#8217;Alacant denominada \u201cCampanya de M\u00fasica i Teatre\u201d. Anualitat 2025. <\/p>\n\n<p><strong>Interessats i termini de presentaci\u00f3 de sol\u00b7licituds<\/strong><\/p>\n\n<p>Podran participar els professionals aut\u00f2noms, empreses del sector cultural i les associacions culturals de la prov\u00edncia d&#8217;Alacant que complisquen els seg\u00fcents requisits:<\/p>\n\n<ul class=\"wp-block-list\">\n<li>Que tinguen l&#8217;habilitaci\u00f3 empresarial o professional exigible per a la realitzaci\u00f3 de l&#8217;activitat i siguen aptes per a contractar amb l&#8217;Administraci\u00f3, segons el que s&#8217;establix en la normativa de contractaci\u00f3 del sector p\u00fablic. En funci\u00f3 d&#8217;esta normativa i el Codi Civil, les Comunitats de B\u00e9ns i les Societats Civils no tenen personalitat jur\u00eddica pr\u00f2pia i, en conseq\u00fc\u00e8ncia, no poden contractar amb l&#8217;Administraci\u00f3, per la qual cosa no s&#8217;inclouran en el Cat\u00e0leg. <\/li>\n\n\n\n<li>Que estiguen al corrent de les seues obligacions tribut\u00e0ries amb Hisenda i amb la Seguretat Social.<\/li>\n\n\n\n<li>Que tinguen finalitat cultural.<\/li>\n\n\n\n<li>Que la seua seu fiscal es trobe a la prov\u00edncia d&#8217;Alacant.<\/li>\n<\/ul>\n\n<p>Els interessats hauran de presentar la seua sol\u00b7licitud, acompanyada de la documentaci\u00f3 que corresponga de conformitat amb el que es disposa en la Base Tercera (Annexos I, II, III, IV i V), a trav\u00e9s de la seu electr\u00f2nica de la Diputaci\u00f3 Provincial (https:\/\/diputacionalicante.sedelectronica.es\/) en el termini de 15 dies naturals a comptar des de l&#8217;endem\u00e0 de la publicaci\u00f3 d&#8217;estes Bases en el Butllet\u00ed Oficial de la Prov\u00edncia.<\/p>\n\n<p>El tr\u00e0mit electr\u00f2nic per a la seua presentaci\u00f3, amb la seua informaci\u00f3 i documentaci\u00f3, es troba en l&#8217;apartat Cat\u00e0leg de Tr\u00e0mits en el procediment CULTURA. Participaci\u00f3 en el Cat\u00e0leg d&#8217;Artistes de la Campanya de Difusi\u00f3 de M\u00fasica i Teatre. <br\/>S&#8217;aconsella l&#8217;\u00fas del navegador Google Crome \/ Firefox.<br\/>A este efecte, \u00e9s necessari estar registrat per a l&#8217;\u00fas de sistema d&#8217;identificaci\u00f3 i firma electr\u00f2nica Cl@ve o, posseir un certificat digital de firma electr\u00f2nica, o DNIe.<br\/>Per a una correcta tramitaci\u00f3 pot seguir els passos indicats en la \u201cGuia de presentaci\u00f3 de sol\u00b7licituds per Seu Electr\u00f2nica\u201d que es troba en l&#8217;apartat Enlla\u00e7os d&#8217;Inter\u00e9s \/ Ajuda a la tramitaci\u00f3.<br\/>Nom\u00e9s s&#8217;atendr\u00e0 una sol\u00b7licitud per peticionari en la qual podran incloure&#8217;s fins a un m\u00e0xim de cinc espectacles. En el cas que un mateix peticionari presentara m\u00e9s d&#8217;una sol\u00b7licitud, es requerir\u00e0 a l&#8217;interessat perqu\u00e8 opte pel manteniment de la qual considere m\u00e9s convenient i desistisca de la resta d&#8217;estes. De no fer-ho, nom\u00e9s ser\u00e0 atesa la que a criteri de l&#8217;instructor del procediment semblara m\u00e9s adequada als objectius del procediment.  <\/p>\n\n<p>La mera presentaci\u00f3 de la sol\u00b7licitud de participaci\u00f3 en este procediment de selecci\u00f3 suposa la plena acceptaci\u00f3 d&#8217;estes Bases, i el comprom\u00eds del sol\u00b7licitant de complir les obligacions i deures que es desprenen d&#8217;estes.<\/p>\n\n<p>Adjuntem bases:<\/p>\n\n<div data-wp-interactive=\"core\/file\" class=\"wp-block-file\"><object data-wp-bind--hidden=\"!state.hasPdfPreview\" hidden class=\"wp-block-file__embed\" data=\"https:\/\/fsmcv.org\/wp-content\/uploads\/2024\/09\/BOP-A-Bases-campana-difusion-musica-y-teatro-2025.pdf\" type=\"application\/pdf\" style=\"width:100%;height:600px\" aria-label=\"Embed of BOP A - Bases campa\u00f1a difusi\u00f3n m\u00fasica y teatro 2025.\"><\/object><a id=\"wp-block-file--media-872c57fc-c963-4d7a-91c6-d3b2ae893dae\" href=\"https:\/\/fsmcv.org\/wp-content\/uploads\/2024\/09\/BOP-A-Bases-campana-difusion-musica-y-teatro-2025.pdf\">BOP A &#8211; Bases campanya difusi\u00f3 m\u00fasica i teatre 2025<\/a><a href=\"https:\/\/fsmcv.org\/wp-content\/uploads\/2024\/09\/BOP-A-Bases-campana-difusion-musica-y-teatro-2025.pdf\" class=\"wp-block-file__button wp-element-button\" download=\"\" aria-describedby=\"wp-block-file--media-872c57fc-c963-4d7a-91c6-d3b2ae893dae\">Desc\u00e0rrega<\/a><\/div>\n","protected":false},"excerpt":{"rendered":"<p>Finalitat L&#8217;elaboraci\u00f3 d&#8217;un cat\u00e0leg de grups, companyies i int\u00e8rprets de la prov\u00edncia d&#8217;Alacant, amb la finalitat de posar a l&#8217;abast dels Ajuntaments de la prov\u00edncia la ferramenta necess\u00e0ria per a triar i poder presentar les seues sol\u00b7licituds de participaci\u00f3 en la convocat\u00f2ria de subvencions de la Diputaci\u00f3 Provincial d&#8217;Alacant denominada \u201cCampanya de M\u00fasica i Teatre\u201d. [&hellip;]<\/p>\n","protected":false},"author":17,"featured_media":38439,"comment_status":"closed","ping_status":"closed","sticky":false,"template":"","format":"standard","meta":{"footnotes":""},"categories":[45],"tags":[],"class_list":["post-73854","post","type-post","status-publish","format-standard","has-post-thumbnail","hentry","category-convocatories-publiques"],"_links":{"self":[{"href":"https:\/\/fsmcv.org\/vl\/wp-json\/wp\/v2\/posts\/73854","targetHints":{"allow":["GET"]}}],"collection":[{"href":"https:\/\/fsmcv.org\/vl\/wp-json\/wp\/v2\/posts"}],"about":[{"href":"https:\/\/fsmcv.org\/vl\/wp-json\/wp\/v2\/types\/post"}],"author":[{"embeddable":true,"href":"https:\/\/fsmcv.org\/vl\/wp-json\/wp\/v2\/users\/17"}],"replies":[{"embeddable":true,"href":"https:\/\/fsmcv.org\/vl\/wp-json\/wp\/v2\/comments?post=73854"}],"version-history":[{"count":0,"href":"https:\/\/fsmcv.org\/vl\/wp-json\/wp\/v2\/posts\/73854\/revisions"}],"wp:featuredmedia":[{"embeddable":true,"href":"https:\/\/fsmcv.org\/vl\/wp-json\/wp\/v2\/media\/38439"}],"wp:attachment":[{"href":"https:\/\/fsmcv.org\/vl\/wp-json\/wp\/v2\/media?parent=73854"}],"wp:term":[{"taxonomy":"category","embeddable":true,"href":"https:\/\/fsmcv.org\/vl\/wp-json\/wp\/v2\/categories?post=73854"},{"taxonomy":"post_tag","embeddable":true,"href":"https:\/\/fsmcv.org\/vl\/wp-json\/wp\/v2\/tags?post=73854"}],"curies":[{"name":"wp","href":"https:\/\/api.w.org\/{rel}","templated":true}]}}