{"id":73904,"date":"2024-09-10T13:18:27","date_gmt":"2024-09-10T11:18:27","guid":{"rendered":"https:\/\/fsmcv.org\/certamens\/tornen-els-cursos-per-a-bandes-simfoniques-de-berklee-valencia-i-linstitut-valencia-de-cultura-2\/"},"modified":"2024-09-10T13:24:11","modified_gmt":"2024-09-10T11:24:11","slug":"tornen-els-cursos-per-a-bandes-simfoniques-de-berklee-valencia-i-linstitut-valencia-de-cultura-2","status":"publish","type":"post","link":"https:\/\/fsmcv.org\/vl\/area-educativa-vl-2\/tornen-els-cursos-per-a-bandes-simfoniques-de-berklee-valencia-i-linstitut-valencia-de-cultura-2\/","title":{"rendered":"Tornen els Cursos per a Bandes Simf\u00f2niques de Berklee Val\u00e8ncia i l&#8217;Institut Valenci\u00e0 de Cultura"},"content":{"rendered":"\n<ul class=\"wp-block-list\">\n<li><strong>Totes dues institucions s&#8217;unixen un any m\u00e9s per a oferir els cursos per a Bandes Simf\u00f2niques, entre el 21 de setembre i el 9 de novembre.<\/strong><\/li>\n\n\n\n<li><strong>Este a\u00f1o el curso, que tendr\u00e1 lugar los s\u00e1bados, se divide en tres especializaciones: interpretaci\u00f3n, composici\u00f3n y arreglos, y direcci\u00f3n<\/strong><\/li>\n<\/ul>\n\n<p><strong>Val\u00e8ncia, 6 de setembre de 2024<\/strong>&#8211; Berklee Val\u00e8ncia i l&#8217;Institut Valenci\u00e0 de Cultura renoven, un any m\u00e9s, el seu conveni de col\u00b7laboraci\u00f3 per a la integraci\u00f3 de les societats musicals de la Comunitat Valenciana en els cursos de Berklee a Val\u00e8ncia. En l&#8217;oferta formativa per al 2024, s&#8217;inclouen tres cursos en espanyol en interpretaci\u00f3, arranjaments i direcci\u00f3. Els cursos, destinats exclusivament als membres de les societats musicals federades en la FSMCV, s\u00f3n gratu\u00efts, sense cost de matr\u00edcula.  <\/p>\n\n<p>Els diferents programes s&#8217;impartiran els dissabtes en format presencial en les instal\u00b7lacions de Berklee Val\u00e8ncia entre el 21 de setembre i el 9 de novembre. Tindran dos modalitats: actiu, i o\u00efdor. Les modalitats de direcci\u00f3 i d&#8217;arranjaments i composici\u00f3 disposaran de 8 places actives per especialitat, la resta d&#8217;alumnes participaran com a oients. En el cas del programa d&#8217;interpretaci\u00f3 tots els inscrits participaran de manera activa. En el moment de la inscripci\u00f3, que pot realitzar-se a trav\u00e9s de la <a href=\"https:\/\/valencia.berklee.edu\/academic-programs\/summer-programs\/symphonic-band-workshops\/\" target=\"_blank\" rel=\"noopener\">web de Berklee Val\u00e8ncia<\/a>, s&#8217;haur\u00e0 d&#8217;emplenar el formulari de la modalitat de prefer\u00e8ncia.    <\/p>\n\n<p>Enguany, com a novetat, s&#8217;inclou la modalitat d&#8217;interpretaci\u00f3 que permetr\u00e0 als admesos participar en sessions grupals amb m\u00fasics i professors del campus de Berklee a Val\u00e8ncia, aix\u00ed com rebre formaci\u00f3 en m\u00fasica moderna i assistir com a int\u00e8rpret a les pr\u00e0ctiques de l&#8217;alumnat de composici\u00f3. A m\u00e9s, el curs posar\u00e0 el fermall final amb un concert el 9 de novembre a les 19.00 en el Teatre Mart\u00edn i Soler del Palau de les Arts Reina Sofia en el qual col\u00b7laboraran estudiants de les tres especialitats. <\/p>\n\n<p>Este curs comptar\u00e0 amb els professors de Berklee Val\u00e8ncia <a href=\"https:\/\/valencia.berklee.edu\/faculty\/daniel-flors\" target=\"_blank\" rel=\"noopener\">Daniel Flors<\/a>, <a href=\"https:\/\/valencia.berklee.edu\/faculty\/enrique-hernandis\" target=\"_blank\" rel=\"noopener\">Enrique Hernandis<\/a>, <a href=\"https:\/\/valencia.berklee.edu\/faculty\/sergio-jimenez-lacima\" target=\"_blank\" rel=\"noopener\">Sergio Jim\u00e9nez Lacima<\/a>, <a href=\"https:\/\/valencia.berklee.edu\/faculty\/timotej-kotnik\" target=\"_blank\" rel=\"noopener\">Timotej Kotnik<\/a>, <a href=\"https:\/\/valencia.berklee.edu\/faculty\/sergio-martinez\" target=\"_blank\" rel=\"noopener\">Sergio Mart\u00ednez<\/a>, <a href=\"https:\/\/valencia.berklee.edu\/faculty\/federico-nathan\" target=\"_blank\" rel=\"noopener\">Federico Nathan<\/a>, <a href=\"https:\/\/valencia.berklee.edu\/faculty\/vicente-ortiz-gimeno\" target=\"_blank\" rel=\"noopener\">Vicente Ortiz Gimeno<\/a> i <a href=\"https:\/\/valencia.berklee.edu\/faculty\/mariano-steimberg\" target=\"_blank\" rel=\"noopener\">Mariano Steimberg<\/a> as\u00ed como con el director y catedr\u00e1tico de composici\u00f3n en el Conservatori Superior de M\u00fasica \u201dJoaqu\u00edn Rodrigo\u201d de Val\u00e8ncia Andr\u00e9s Valero, o el director de La Societat Musical L\u2019Alian\u00e7a de Mutxamel, del Centre Art\u00edstic Cultural Verge de la Pau d\u2019Agost y de la Uni\u00f3 Musical de Polop de la Marina, Jos\u00e9 Vicente Algado, entre otros.<\/p>\n\n<p><strong>El termini de presentaci\u00f3 de sol\u00b7licituds est\u00e0 obert fins a les 23:59h del 10 de setembre de 2024. <\/strong>Els alumnes seleccionats per a formar part del curs, tant en la modalitat activa com d&#8217;oient, es comunicaran el 13 de setembre de 2024.<\/p>\n\n<p><strong>Informaci\u00f3 d&#8217;inter\u00e9s<\/strong><\/p>\n\n<p><strong>Berklee College of Music<\/strong> \u00e9s una instituci\u00f3 educativa sense \u00e0nim de lucre que va ser fundada sota el revolucionari principi que la millor manera de preparar als alumnes en les seues carreres professionals \u00e9s a trav\u00e9s de la formaci\u00f3 i la pr\u00e0ctica de la m\u00fasica contempor\u00e0nia. Al juny de 2016, el Boston Conservatory es va fusionar amb Berklee, creant el lloc m\u00e9s complet i din\u00e0mic del m\u00f3n per a la formaci\u00f3 en m\u00fasica, dansa, teatre i disciplines afins. <\/p>\n\n<p><strong>El campus de Berklee en Val\u00e8ncia,<\/strong> el primer situat fora dels Estats Units, oferix m\u00e0sters en <em>Scoring for Film, Television, and Video Games<\/em>; <em>Contemporary Performance (Production Concentration)<\/em>; <em>Global Entertainment and Music Business<\/em> i<em> Music Production, Technology, and Innovation<\/em>. A m\u00e9s, els programes <em>Study Abroad<\/em> i <em>First Year Abroad<\/em> permeten que els alumnes del campus de Boston cursen el seu primer curs o un per\u00edode de la seua formaci\u00f3 acad\u00e8mica a Val\u00e8ncia. Tamb\u00e9 compta amb programes oberts d&#8217;estiu i altres per a aquells amb inter\u00e9s a formar-se en el m\u00f3n de la m\u00fasica.  <\/p>\n","protected":false},"excerpt":{"rendered":"<p>Val\u00e8ncia, 6 de setembre de 2024&#8211; Berklee Val\u00e8ncia i l&#8217;Institut Valenci\u00e0 de Cultura renoven, un any m\u00e9s, el seu conveni de col\u00b7laboraci\u00f3 per a la integraci\u00f3 de les societats musicals de la Comunitat Valenciana en els cursos de Berklee a Val\u00e8ncia. En l&#8217;oferta formativa per al 2024, s&#8217;inclouen tres cursos en espanyol en interpretaci\u00f3, arranjaments [&hellip;]<\/p>\n","protected":false},"author":17,"featured_media":73902,"comment_status":"closed","ping_status":"closed","sticky":false,"template":"","format":"standard","meta":{"footnotes":""},"categories":[334],"tags":[],"class_list":["post-73904","post","type-post","status-publish","format-standard","has-post-thumbnail","hentry","category-area-educativa-vl-2"],"_links":{"self":[{"href":"https:\/\/fsmcv.org\/vl\/wp-json\/wp\/v2\/posts\/73904","targetHints":{"allow":["GET"]}}],"collection":[{"href":"https:\/\/fsmcv.org\/vl\/wp-json\/wp\/v2\/posts"}],"about":[{"href":"https:\/\/fsmcv.org\/vl\/wp-json\/wp\/v2\/types\/post"}],"author":[{"embeddable":true,"href":"https:\/\/fsmcv.org\/vl\/wp-json\/wp\/v2\/users\/17"}],"replies":[{"embeddable":true,"href":"https:\/\/fsmcv.org\/vl\/wp-json\/wp\/v2\/comments?post=73904"}],"version-history":[{"count":0,"href":"https:\/\/fsmcv.org\/vl\/wp-json\/wp\/v2\/posts\/73904\/revisions"}],"wp:featuredmedia":[{"embeddable":true,"href":"https:\/\/fsmcv.org\/vl\/wp-json\/wp\/v2\/media\/73902"}],"wp:attachment":[{"href":"https:\/\/fsmcv.org\/vl\/wp-json\/wp\/v2\/media?parent=73904"}],"wp:term":[{"taxonomy":"category","embeddable":true,"href":"https:\/\/fsmcv.org\/vl\/wp-json\/wp\/v2\/categories?post=73904"},{"taxonomy":"post_tag","embeddable":true,"href":"https:\/\/fsmcv.org\/vl\/wp-json\/wp\/v2\/tags?post=73904"}],"curies":[{"name":"wp","href":"https:\/\/api.w.org\/{rel}","templated":true}]}}