{"id":7421,"date":"2018-01-04T10:21:02","date_gmt":"2018-01-04T09:21:02","guid":{"rendered":"https:\/\/fsmcv.org\/?post_type=fsmcv-noticias&#038;p=7421"},"modified":"2021-03-29T18:42:53","modified_gmt":"2021-03-29T16:42:53","slug":"taller-introduccio-percussio-corporal-santi-serratosa-concert-santi-mariona-duet-denia","status":"publish","type":"post","link":"https:\/\/fsmcv.org\/vl\/certamens\/taller-introduccio-percussio-corporal-santi-serratosa-concert-santi-mariona-duet-denia\/","title":{"rendered":"Taller d&#8217;introducci\u00f3 a la percussi\u00f3 corporal amb Santi Serratosa i Concert Santi &#038; Mariona Duet a D\u00e9nia"},"content":{"rendered":"<p><strong><em>Actualitzaci\u00f3: L&#8217;<span lang=\"CA\">Agrupaci\u00f3 Artistica Musical de D\u00e9nia<\/span> comunica que l<span lang=\"CA\">es places per al taller ja estan plenes. S&#8217;ha establit una llista d\u2019espera a la que es recorrer\u00e0 en cas que fallara alg\u00fa.<\/span><\/em><\/strong><\/p>\n<p>Santi Serratosa dirigir\u00e0 el taller d&#8217;introducci\u00f3 a la percussi\u00f3 corporal que tindr\u00e0 lloc a l&#8217;Escola de m\u00fasica Manuel Lattur els pr\u00f2xims 17 i 18 de febrer, i que ha estat organitzat per l&#8217;Agrupaci\u00f3 Art\u00edstica Musical de D\u00e9nia.<\/p>\n<p>A partir del reconeixement del cos com a instrument, es desenvolupar\u00e0 la coordinaci\u00f3, la capacitat de concentraci\u00f3 i creativitat mitjan\u00e7ant l&#8217;\u00fas de la percussi\u00f3 corporal. Sense oblidar la part est\u00e8tica de la m\u00fasica, treballada a partir de seq\u00fc\u00e8ncies, jocs i creaci\u00f3 de coreografies r\u00edtmiques, tamb\u00e9 es potenciaran diferents formes d&#8217;aprenentatge, aix\u00ed com el treball en grup.<\/p>\n<p>El taller s&#8217;impartir\u00e0 seguint la metodologia SSM desenvolupada pel propi Serratosa:<\/p>\n<p>&#8211; Senyalitzaci\u00f3: Les sessions d&#8217;aquesta metodologia s\u00f3n eminentment pr\u00e0ctiques i desenvolupades amb indicacions a temps real.<br \/>\n&#8211; Seq\u00fcenciaci\u00f3: Tots els exercicis i les activitats estan rigurosament sistematitzats. La seq\u00fcenciaci\u00f3 en estructures constants i regulars, tant per l&#8217;aprenentatge, com en el seu resultat est\u00e8tic final, \u00e9s fonamental per al control, la planificaci\u00f3, l&#8217;execuci\u00f3 i l&#8217;assoliment dels objectius musicals i extramusicals.<br \/>\n&#8211; M\u00fasica: L&#8217;objectiu general m\u00e9s important. \u00c9s el llenguatge amb el qual caldr\u00e0 expressar-se, crear i sentir durant tot el proc\u00e9s d&#8217;aprenentatge o durant l&#8217;experi\u00e8ncia l\u00fadica.<\/p>\n<h4>Horari, preus i inscripcions<\/h4>\n<p>El curs tindr\u00e0 lloc el 17 i 18 de febrer de 2018 amb el seg\u00fcent horari:<\/p>\n<p>&#8211; Dissabte de 10h a 14h i de 16h a 19h<br \/>\n&#8211; Diumenge de 10h a 14h<\/p>\n<p>El preu del curs \u00e9s de 90\u20ac (Dissabte dinar opcional amb men\u00fa de 13\u20ac).<\/p>\n<p>La transfer\u00e8ncia s&#8217;ha de fer al compte ES05 0081 0615 7100 0153 9355 amb el concepte &#8220;Curs Santi Serratosa&#8221;. S&#8217;ha de cumplimentar un <a href=\"https:\/\/fsmcv.org\/BTnet-storage\/wp-uploads\/2018\/01\/matricula-santi-2018.pdf\" target=\"_blank\" rel=\"noopener noreferrer\">full d&#8217;inscripci\u00f3<\/a> amb totes les dades i enviar-ho a <a href=\"mailto:banda@fembanda.org\" target=\"_blank\" rel=\"noopener noreferrer\">banda@fembanda.org<\/a><\/p>\n<p>Inscripcions fins el 19 de gener de 2018.<\/p>\n<h4>Santi Serratosa L\u00f3pez<\/h4>\n<p>Graduat en m\u00fasica moderna per l&#8217;Aula de M\u00fasica Moderna del Conservatori Liceu l&#8217;any 1999. Va continuar els seus estudis superiors com a bateria al Drummers Collective de Nova York, l&#8217;any 2001. En 2011 va obtindre el t\u00edtol de M\u00e0ster en Musicoter\u00e0pia per la UPF.<\/p>\n<p>Actualment en actiu com a m\u00fasic professional amb els grups Astrio i Gossos, combina la seua professi\u00f3 amb la musicoter\u00e0pia i la percussi\u00f3 corporal.<\/p>\n<h4>Concert Santi &amp; Mariona Duet<\/h4>\n<p>El primer dia del curs tamb\u00e9 es celebrar\u00e0 un concert de percussi\u00f3 corporal protagonitzat per Santi &amp; Mariona Duet. Ser\u00e0 el dissabte 17 de gener a les 20:30 al Centre Social de D\u00e9nia.<\/p>\n<p>Les entrades tindran un preu de 3\u20ac i poden adquirir-se a partir del dia 1 de febrer en el local de l&#8217;Agrupaci\u00f3 Art\u00edstica Musical de D\u00e9nia (C\/ Manuel Lattur, 5).<\/p>\n<p><img fetchpriority=\"high\" decoding=\"async\" class=\"aligncenter wp-image-7424 size-large\" src=\"https:\/\/fsmcv.org\/BTnet-storage\/wp-uploads\/2018\/01\/FEM-BANDA_concert-santiymariona-duet_cartelA3-2018-724x1024.jpg\" alt=\"\" width=\"724\" height=\"1024\" title=\"\"><\/p>\n<p>&nbsp;<\/p>\n<p>M\u00e9s informaci\u00f3 al correu <a href=\"mailto:fembanda@gmail.com\" target=\"_blank\" rel=\"noopener noreferrer\">fembanda@gmail.com<\/a> o al web <a href=\"http:\/\/www.fembanda.org\" target=\"_blank\" rel=\"noopener noreferrer\">www.fembanda.org<\/a><\/p>\n<p><a href=\"https:\/\/fsmcv.org\/BTnet-storage\/wp-uploads\/2018\/01\/matricula-santi-2018.pdf\" target=\"_blank\" rel=\"noopener noreferrer\">Descarrega ac\u00ed el full d&#8217;inscripci\u00f3 en PDF.<\/a><\/p>\n","protected":false},"excerpt":{"rendered":"<p>Santi Serratosa dirigir\u00e0 el taller d&#8217;introducci\u00f3 a la percussi\u00f3 corporal que tindr\u00e0 lloc a l&#8217;Escola de m\u00fasica Manuel Lattur (D\u00e9nia) els pr\u00f2xims 17 i 18 de febrer, i protagonitzar\u00e0 junt a Mariona un concert de percussi\u00f3 el dissabte 17 de febrer. Inscripcions fins el 19 de gener de 2018.<\/p>\n","protected":false},"author":2,"featured_media":0,"comment_status":"closed","ping_status":"closed","sticky":false,"template":"","format":"standard","meta":{"footnotes":""},"categories":[1],"tags":[],"class_list":["post-7421","post","type-post","status-publish","format-standard","hentry","category-certamenes"],"_links":{"self":[{"href":"https:\/\/fsmcv.org\/vl\/wp-json\/wp\/v2\/posts\/7421","targetHints":{"allow":["GET"]}}],"collection":[{"href":"https:\/\/fsmcv.org\/vl\/wp-json\/wp\/v2\/posts"}],"about":[{"href":"https:\/\/fsmcv.org\/vl\/wp-json\/wp\/v2\/types\/post"}],"author":[{"embeddable":true,"href":"https:\/\/fsmcv.org\/vl\/wp-json\/wp\/v2\/users\/2"}],"replies":[{"embeddable":true,"href":"https:\/\/fsmcv.org\/vl\/wp-json\/wp\/v2\/comments?post=7421"}],"version-history":[{"count":0,"href":"https:\/\/fsmcv.org\/vl\/wp-json\/wp\/v2\/posts\/7421\/revisions"}],"wp:attachment":[{"href":"https:\/\/fsmcv.org\/vl\/wp-json\/wp\/v2\/media?parent=7421"}],"wp:term":[{"taxonomy":"category","embeddable":true,"href":"https:\/\/fsmcv.org\/vl\/wp-json\/wp\/v2\/categories?post=7421"},{"taxonomy":"post_tag","embeddable":true,"href":"https:\/\/fsmcv.org\/vl\/wp-json\/wp\/v2\/tags?post=7421"}],"curies":[{"name":"wp","href":"https:\/\/api.w.org\/{rel}","templated":true}]}}