{"id":74221,"date":"2024-10-03T10:52:04","date_gmt":"2024-10-03T08:52:04","guid":{"rendered":"https:\/\/fsmcv.org\/certamens\/concert-de-les-obres-finalistes-de-la-4a-edicio-del-concurs-de-composicio-pascual-perez-chovi-organitzat-per-la-societat-artistica-musical-dalginet\/"},"modified":"2024-10-03T11:07:24","modified_gmt":"2024-10-03T09:07:24","slug":"concert-de-les-obres-finalistes-de-la-4a-edicio-del-concurs-de-composicio-pascual-perez-chovi-organitzat-per-la-societat-artistica-musical-dalginet","status":"publish","type":"post","link":"https:\/\/fsmcv.org\/vl\/societats-musicals\/concert-de-les-obres-finalistes-de-la-4a-edicio-del-concurs-de-composicio-pascual-perez-chovi-organitzat-per-la-societat-artistica-musical-dalginet\/","title":{"rendered":"Concert de les obres finalistes de la 4a edici\u00f3 del Concurs de Composici\u00f3 &#8220;Pascual P\u00e9rez Chovi&#8221; organitzat per la Societat Art\u00edstica Musical d&#8217;Alginet"},"content":{"rendered":"\n<figure class=\"wp-block-image size-full\"><img fetchpriority=\"high\" decoding=\"async\" width=\"585\" height=\"292\" src=\"https:\/\/fsmcv.org\/wp-content\/uploads\/2024\/10\/Alginet-1.png\" alt=\"\" class=\"wp-image-74210\" title=\"\"><\/figure>\n\n<p>El dissabte 28 de setembre, al Teatre Modern d\u2019Alginet, es va celebrar el concert de les<br\/>obres finalistes de la quarta edici\u00f3 del<strong> Concurs de Composici\u00f3 \u201cPascual P\u00e9rez Chov\u00ed\u201d,<\/strong><br\/>en la modalitat de pasdoble, organitzat per la Societat Art\u00edstica Musical (SAM) d&#8217;Alginet amb<br\/>la col\u00b7laboraci\u00f3 de l&#8217;Ajuntament. En aquest acte, vam tenir l&#8217;honor de comptar amb la<br\/>pres\u00e8ncia del il\u00b7lustr\u00edssim senyor Francisco Teruel, diputat de Cultura de Val\u00e8ncia. <\/p>\n\n<p>La Banda Simf\u00f2nica de la SAM d&#8217;Alginet va obrir el concert amb la Marxa Eslava de Piotr<br\/>Ilich Txaikovski. Posteriorment, es van interpretar les cinc composicions seleccionades<br\/>d\u2019entre les 17 obres originals i in\u00e8dites presentades al concurs amb els lemes: Abril, Costa Levantina, Fidel, Gonzala i Lorenzo i XVI, totes elles sota la batuta de la seua directora Olga<br\/>Clari. Aquestes peces van ser avaluades pel jurat compost per Raquel S\u00e1nchez, Vicent<br\/>Sell\u00e9s \u00c1lamo i Jordi Garcia.  <\/p>\n\n<figure class=\"wp-block-image size-full\"><img decoding=\"async\" width=\"444\" height=\"298\" src=\"https:\/\/fsmcv.org\/wp-content\/uploads\/2024\/10\/Alginet-2.png\" alt=\"\" class=\"wp-image-74212\" title=\"\"><\/figure>\n\n<p>Abans de con\u00e9ixer el veredicte final, els m\u00fasics de la banda van poder emetre el seu vot per<br\/>la composici\u00f3 que consideraven millor, atorgant el <strong>premi Acc\u00e9sit <\/strong>dotat amb 300 euros a<br\/>l\u2019obra Abril, del compositor Salvador Luj\u00e1n. Despr\u00e9s de l&#8217;execuci\u00f3 de les peces, el jurat va<br\/>decidir atorgar els premis, que van ser lliurats per les seg\u00fcents autoritats presents a l&#8217;acte:<br\/>el <strong>primer premi,<\/strong> dotat amb 1.500 euros, va ser entregat per l\u2019il\u00b7lustr\u00edssim senyor Francisco<br\/>Teruel a la composici\u00f3 titulada XVI, del compositor Joaquim Cano; aquesta obra va rebre el nom d\u2019<strong>Emilio Estela<\/strong>, qui va ser m\u00fasic de la SAMA fins a la pand\u00e8mia. Tocava el clarinet i<br\/>va entrar a la banda a una edat m\u00e9s avan\u00e7ada, deixant una empremta significativa en la<br\/>societat amb la seva dedicaci\u00f3 i amor per la m\u00fasica.  <\/p>\n\n<figure class=\"wp-block-image size-full\"><img decoding=\"async\" width=\"416\" height=\"337\" src=\"https:\/\/fsmcv.org\/wp-content\/uploads\/2024\/10\/Alginet-3.png\" alt=\"\" class=\"wp-image-74214\" title=\"\"><\/figure>\n\n<p>El <strong>segon premi<\/strong>, valorat en 1.000 euros, va ser per a l\u2019obra Abril, de Salvador Luj\u00e1n, i va ser<br\/>lliurat per Elia Ferrer, alcaldessa d&#8217;Alginet; aquesta obra va rebre el nom de <strong>Maribel<br\/>Company<\/strong>, primera presidenta dona de la SAM entre 1995 i 2000. Filla, dona i mare de<br\/>m\u00fasics de la banda. Finalment, el <strong>tercer premi,<\/strong> amb una dotaci\u00f3 de 500 euros, va ser per a<br\/>Fidel, de Francisco Cogollos, i va ser entregat per Ainhoa Gonzales, regidora de Cultura;<br\/>aquesta composici\u00f3 es va identificar amb el nom de <strong>Pepe el Carrero<\/strong>, un home molt vinculat<br\/>a la SAM que va ser un dels precursors de la compra de la Casa Vella, antiga Casa de la<br\/>M\u00fasica, per part de l\u2019entitat.  <\/p>\n\n<p>A m\u00e9s, l&#8217;obra guanyadora de l&#8217;edici\u00f3 passada, T\u00edo Gabi, de Vicent Sell\u00e9s, es va interpretar<br\/>durant la deliberaci\u00f3 del jurat. Per finalitzar, la Banda Simf\u00f2nica va interpretar el pasdoble<br\/>Flores de Espa\u00f1a de Pascual P\u00e9rez Chov\u00ed, el compositor que d\u00f3na nom al concurs. P\u00e9rez<br\/>Chov\u00ed \u00e9s reconegut per la seva contribuci\u00f3 a la m\u00fasica de banda i el seu llegat perdura en la<br\/>tradici\u00f3 musical de la Comunitat Valenciana. La seva obra destaca per la seva riquesa<br\/>mel\u00f2dica i harm\u00f2nica, que continua inspirant compositors i m\u00fasics d&#8217;avui en dia.   <\/p>\n\n<p><strong>La SAM d&#8217;Alginet, una instituci\u00f3 de refer\u00e8ncia des de 1894<\/strong> <\/p>\n\n<p>La Societat Art\u00edstica Musical d&#8217;Alginet, fundada en 1894, \u00e9s un referent cultural en la Ribera<br\/>Alta. Compta amb un centre de m\u00fasica autoritzat que at\u00e9n 109 alumnes, una escola de<br\/>m\u00fasica amb m\u00e9s de 400 estudiants i una banda simf\u00f2nica formada per 110 m\u00fasics. En el<br\/>seu si tamb\u00e9 s\u2019agrupen altres formacions com la banda juvenil, banda infantil, orquestra, cor<br\/>i grup de percussi\u00f3, que reuneixen un total de 238 int\u00e8rprets. La societat compta amb 300<br\/>socis que donen suport al seu projecte art\u00edstic i educatiu.    <\/p>\n\n<p>La SAM d\u2019Alginet \u00e9s membre de la Federaci\u00f3 de Societats Musicals de la Comunitat<br\/>Valenciana (FSMCV), una entitat que agrupa m\u00e9s de 550 societats musicals, 43.000 m\u00fasics<br\/>i m\u00e9s de 60.000 alumnes, convertint-se en el principal agent cultural de la Comunitat<br\/>Valenciana.<\/p>\n\n<p><\/p>\n","protected":false},"excerpt":{"rendered":"<p>El dissabte 28 de setembre, al Teatre Modern d\u2019Alginet, es va celebrar el concert de lesobres finalistes de la quarta edici\u00f3 del Concurs de Composici\u00f3 \u201cPascual P\u00e9rez Chov\u00ed\u201d,en la modalitat de pasdoble, organitzat per la Societat Art\u00edstica Musical (SAM) d&#8217;Alginet ambla col\u00b7laboraci\u00f3 de l&#8217;Ajuntament. En aquest acte, vam tenir l&#8217;honor de comptar amb lapres\u00e8ncia del [&hellip;]<\/p>\n","protected":false},"author":17,"featured_media":74211,"comment_status":"closed","ping_status":"closed","sticky":false,"template":"","format":"standard","meta":{"footnotes":""},"categories":[56],"tags":[],"class_list":["post-74221","post","type-post","status-publish","format-standard","has-post-thumbnail","hentry","category-societats-musicals"],"_links":{"self":[{"href":"https:\/\/fsmcv.org\/vl\/wp-json\/wp\/v2\/posts\/74221","targetHints":{"allow":["GET"]}}],"collection":[{"href":"https:\/\/fsmcv.org\/vl\/wp-json\/wp\/v2\/posts"}],"about":[{"href":"https:\/\/fsmcv.org\/vl\/wp-json\/wp\/v2\/types\/post"}],"author":[{"embeddable":true,"href":"https:\/\/fsmcv.org\/vl\/wp-json\/wp\/v2\/users\/17"}],"replies":[{"embeddable":true,"href":"https:\/\/fsmcv.org\/vl\/wp-json\/wp\/v2\/comments?post=74221"}],"version-history":[{"count":0,"href":"https:\/\/fsmcv.org\/vl\/wp-json\/wp\/v2\/posts\/74221\/revisions"}],"wp:featuredmedia":[{"embeddable":true,"href":"https:\/\/fsmcv.org\/vl\/wp-json\/wp\/v2\/media\/74211"}],"wp:attachment":[{"href":"https:\/\/fsmcv.org\/vl\/wp-json\/wp\/v2\/media?parent=74221"}],"wp:term":[{"taxonomy":"category","embeddable":true,"href":"https:\/\/fsmcv.org\/vl\/wp-json\/wp\/v2\/categories?post=74221"},{"taxonomy":"post_tag","embeddable":true,"href":"https:\/\/fsmcv.org\/vl\/wp-json\/wp\/v2\/tags?post=74221"}],"curies":[{"name":"wp","href":"https:\/\/api.w.org\/{rel}","templated":true}]}}