{"id":74241,"date":"2024-10-02T09:16:00","date_gmt":"2024-10-02T07:16:00","guid":{"rendered":"https:\/\/fsmcv.org\/certamens\/la-fsmcv-presenta-amb-els-autors-cristina-duran-i-miguel-angel-giner-el-comic-una-melodia-per-a-vicent\/"},"modified":"2024-10-10T09:31:10","modified_gmt":"2024-10-10T07:31:10","slug":"la-fsmcv-presenta-amb-els-autors-cristina-duran-i-miguel-angel-giner-el-comic-una-melodia-per-a-vicent","status":"publish","type":"post","link":"https:\/\/fsmcv.org\/vl\/projectes\/la-fsmcv-presenta-amb-els-autors-cristina-duran-i-miguel-angel-giner-el-comic-una-melodia-per-a-vicent\/","title":{"rendered":"La FSMCV presenta, amb els autors Cristina Dur\u00e1n i Miguel \u00c1ngel Giner, el c\u00f2mic &#8216;Una melodia per a Vicent&#8217;"},"content":{"rendered":"\n<p>Els reconeguts dibuixants valencians signen el segon n\u00famero de la col\u00b7lecci\u00f3 &#8216;Les societats musicals en clau de c\u00f2mic&#8217;, que transmetran els valors del col\u00b7lectiu<\/p>\n\n\n\n<p>El c\u00f2mic es distribuir\u00e0 per al seu \u00fas did\u00e0ctic en totes les escoles de la Comunitat Valenciana i la seua edici\u00f3 compta amb la col\u00b7laboraci\u00f3 de Caixa Popular<\/p>\n\n\n\n<p><strong>02\/10\/2024. VAL\u00c8NCIA<\/strong>.\nVicent, un joven con s\u00edndrome de Down, acude un d\u00eda junto a su padre y su hermana a ver un partido de f\u00fatbol, pero lo que acaba fascinando al muchacho no es el juego, sino la banda de m\u00fasica que anima el partido.\nEse instante le abre una puerta a un colectivo acogedor y amigable: la sociedad musical.    <\/p>\n\n\n\n<p>Aix\u00ed comen\u00e7a <strong><em>Una melodia per a Vicent<\/em><\/strong>, el segon n\u00famero de la col\u00b7lecci\u00f3 gr\u00e0fica <em>Les societats musicals en clau de c\u00f2mic<\/em>, creada per la <strong>Federaci\u00f3 de Societats Musicals de la Comunitat Valenciana<\/strong> (FSMCV). Amb vocaci\u00f3 pedag\u00f2gica, destinada a lectors de Prim\u00e0ria de les escoles, este nou exemplar explora un dels valors intr\u00ednsecs del col\u00b7lectiu, com \u00e9s el seu car\u00e0cter integrador. Ho fa a trav\u00e9s d&#8217;una hist\u00f2ria creada per dos mestres de l&#8217;art de la vinyeta: <strong>Cristina Dur\u00e1n<\/strong> i <strong>Miguel \u00c1ngel Giner.<\/strong>  <\/p>\n\n\n\n<p>Els autors de t\u00edtols com <em>Mar\u00eda la Jabalina<\/em>, <em>Una posibilidad entre mil<\/em> o <em>El d\u00eda 3,<\/em> pel qual van rebre el Premi Nacional del C\u00f2mic, han presentat este mat\u00ed l&#8217;obra juntament amb la presidenta de la FSMCV, Daniela Gonz\u00e1lez, en un acte celebrat en el <strong>CEIP Ausi\u00e0s March de Picanya<\/strong>, davant el p\u00fablic amb qui dialoga esta obra.<\/p>\n\n\n\n<figure class=\"wp-block-image size-full\"><img fetchpriority=\"high\" decoding=\"async\" width=\"1600\" height=\"1066\" src=\"https:\/\/fsmcv.org\/wp-content\/uploads\/2024\/10\/Foto-1_Presentacio-Una-melodia-per-a-Vicent.jpg\" alt=\"\" class=\"wp-image-74233\" title=\"\" srcset=\"https:\/\/fsmcv.org\/wp-content\/uploads\/2024\/10\/Foto-1_Presentacio-Una-melodia-per-a-Vicent.jpg 1600w, https:\/\/fsmcv.org\/wp-content\/uploads\/2024\/10\/Foto-1_Presentacio-Una-melodia-per-a-Vicent-768x512.jpg 768w, https:\/\/fsmcv.org\/wp-content\/uploads\/2024\/10\/Foto-1_Presentacio-Una-melodia-per-a-Vicent-391x260.jpg 391w, https:\/\/fsmcv.org\/wp-content\/uploads\/2024\/10\/Foto-1_Presentacio-Una-melodia-per-a-Vicent-1536x1023.jpg 1536w, https:\/\/fsmcv.org\/wp-content\/uploads\/2024\/10\/Foto-1_Presentacio-Una-melodia-per-a-Vicent-600x400.jpg 600w\" sizes=\"(max-width: 1600px) 100vw, 1600px\" \/><\/figure>\n\n\n\n<p>\u00abL&#8217;ess\u00e8ncia de l&#8217;enc\u00e0rrec era donar a con\u00e9ixer les societats musicals, els seus valors i l&#8217;inclusives que s\u00f3n. Pens\u00e0rem en contar una hist\u00f2ria en la qual la m\u00fasica, a partir d&#8217;un moment especialment emotiu, es revela com a element inclusiu i transformador\u00bb, apunta la dibuixant Cristina Dur\u00e1n, coautora d&#8217;Una melodia per a Vicent.<\/p>\n\n\n\n<p>\u00abHan aconseguit que la m\u00fasica estiga pr\u00e0cticament en quasi totes les llars de la comunitat. \u00c9s molt bonic que en una mateixa banda puguen arribar a conviure fins a tres generacions. D&#8217;altra banda, com es pot llegir en el c\u00f2mic, tamb\u00e9 desenvolupen un paper molt important a l&#8217;hora que totes les persones, se senten part del grup de manera natural\u00bb, comenta el guionista de l&#8217;obra, Miguel \u00c1ngel Giner.<\/p>\n\n\n\n<p>El c\u00f2mic es repartir\u00e0 gratu\u00eftament per les aules dels centres escolars de la Comunitat Valenciana gr\u00e0cies a la conselleria d&#8217;Educaci\u00f3 de la Generalitat Valenciana. Per a treballar a l&#8217;aula cada n\u00famero, els exemplars f\u00edsics compten amb un QR, a trav\u00e9s del qual els alumnes i el p\u00fablic general podran accedir a la <a href=\"\/vl\/?page_id=64825\">versi\u00f3 digital<\/a>, disponible en tres idiomes: valenci\u00e0, castell\u00e0 i angl\u00e9s. <\/p>\n\n\n\n<p>Esta nova publicaci\u00f3 compta tamb\u00e9 amb la col\u00b7laboraci\u00f3 de Caixa Popular. \u00abEstem encantats de col\u00b7laborar en este projecte, que reuneix algunes de les claus que han portat al moviment de les societats musicals fins al seu posicionament actual. Este n\u00famero reflecteix magistralment com els valors del col\u00b7lectiu poden arribar a modificar les din\u00e0miques fins i tot de tots els membres d&#8217;una mateixa fam\u00edlia\u00bb, explica <strong>Jose Mat\u00edas D\u00edez S\u00e1nchez<\/strong>, responsable de societats musicals de <strong>Caixa Popular.<\/strong> <\/p>\n\n\n\n<p>La presidenta de FSMCV, <strong>Daniela Gonz\u00e1lez<\/strong>, ha subratllat \u00abl&#8217;honor de comptar per a este segon volum amb la signatura i el talent de Cristina Dur\u00e1n i Miguel \u00c1ngel Giner\u00bb. \u00abEsta col\u00b7lecci\u00f3 \u00e9s una aposta per la divulgaci\u00f3 i per aliar-nos amb altres llenguatges creatius per a transmetre l&#8217;ess\u00e8ncia de les societats musicals. El que reflecteix este c\u00f2mic, en el seu fons i forma, \u00e9s que som un col\u00b7lectiu integrador, d&#8217;arrels fermes i en constant moviment\u00bb, ha manifestat Gonz\u00e1lez. <\/p>\n\n\n\n<figure class=\"wp-block-image size-full\"><img decoding=\"async\" width=\"1600\" height=\"1066\" src=\"https:\/\/fsmcv.org\/wp-content\/uploads\/2024\/10\/Foto-2_Presentacio-Una-melodia-per-a-Vicent.jpg\" alt=\"\" class=\"wp-image-74235\" title=\"\" srcset=\"https:\/\/fsmcv.org\/wp-content\/uploads\/2024\/10\/Foto-2_Presentacio-Una-melodia-per-a-Vicent.jpg 1600w, https:\/\/fsmcv.org\/wp-content\/uploads\/2024\/10\/Foto-2_Presentacio-Una-melodia-per-a-Vicent-768x512.jpg 768w, https:\/\/fsmcv.org\/wp-content\/uploads\/2024\/10\/Foto-2_Presentacio-Una-melodia-per-a-Vicent-391x260.jpg 391w, https:\/\/fsmcv.org\/wp-content\/uploads\/2024\/10\/Foto-2_Presentacio-Una-melodia-per-a-Vicent-1536x1023.jpg 1536w, https:\/\/fsmcv.org\/wp-content\/uploads\/2024\/10\/Foto-2_Presentacio-Una-melodia-per-a-Vicent-600x400.jpg 600w\" sizes=\"(max-width: 1600px) 100vw, 1600px\" \/><\/figure>\n\n\n\n<p><strong>&#8216;Les societats musicals en clau de c\u00f2mic&#8217;<\/strong><\/p>\n\n\n\n<p>En 2023 la FSMCV va iniciar aquesta col\u00b7lecci\u00f3 gr\u00e0fica que busca comptar amb l&#8217;autoria dels millors historietistes de la Comunitat Valenciana, els qui aporten la seua mirada creativa sobre un fenomen \u00fanic en el m\u00f3n, declarat B\u00e9 d&#8217;Inter\u00e9s Cultural Immaterial i Manifestaci\u00f3 Representativa del Patrimoni Cultural Immaterial. <em>Una melodia per a Vicent<\/em> s&#8217;uneix a esta s\u00e8rie que es va iniciar amb <em>La fam\u00edlia musical,<\/em> obra de <strong>Paco Roca.<\/strong><\/p>\n\n\n\n<p><\/p>\n","protected":false},"excerpt":{"rendered":"<p>Els reconeguts dibuixants valencians signen el segon n\u00famero de la col\u00b7lecci\u00f3 &#8216;Les societats musicals en clau de c\u00f2mic&#8217;, que transmetran els valors del col\u00b7lectiu El c\u00f2mic es distribuir\u00e0 per al seu \u00fas did\u00e0ctic en totes les escoles de la Comunitat Valenciana i la seua edici\u00f3 compta amb la col\u00b7laboraci\u00f3 de Caixa Popular 02\/10\/2024. VAL\u00c8NCIA. Vicent, [&hellip;]<\/p>\n","protected":false},"author":17,"featured_media":74238,"comment_status":"closed","ping_status":"closed","sticky":false,"template":"","format":"standard","meta":{"footnotes":""},"categories":[57],"tags":[],"class_list":["post-74241","post","type-post","status-publish","format-standard","has-post-thumbnail","hentry","category-projectes"],"_links":{"self":[{"href":"https:\/\/fsmcv.org\/vl\/wp-json\/wp\/v2\/posts\/74241","targetHints":{"allow":["GET"]}}],"collection":[{"href":"https:\/\/fsmcv.org\/vl\/wp-json\/wp\/v2\/posts"}],"about":[{"href":"https:\/\/fsmcv.org\/vl\/wp-json\/wp\/v2\/types\/post"}],"author":[{"embeddable":true,"href":"https:\/\/fsmcv.org\/vl\/wp-json\/wp\/v2\/users\/17"}],"replies":[{"embeddable":true,"href":"https:\/\/fsmcv.org\/vl\/wp-json\/wp\/v2\/comments?post=74241"}],"version-history":[{"count":0,"href":"https:\/\/fsmcv.org\/vl\/wp-json\/wp\/v2\/posts\/74241\/revisions"}],"wp:featuredmedia":[{"embeddable":true,"href":"https:\/\/fsmcv.org\/vl\/wp-json\/wp\/v2\/media\/74238"}],"wp:attachment":[{"href":"https:\/\/fsmcv.org\/vl\/wp-json\/wp\/v2\/media?parent=74241"}],"wp:term":[{"taxonomy":"category","embeddable":true,"href":"https:\/\/fsmcv.org\/vl\/wp-json\/wp\/v2\/categories?post=74241"},{"taxonomy":"post_tag","embeddable":true,"href":"https:\/\/fsmcv.org\/vl\/wp-json\/wp\/v2\/tags?post=74241"}],"curies":[{"name":"wp","href":"https:\/\/api.w.org\/{rel}","templated":true}]}}