{"id":74243,"date":"2024-09-17T09:15:00","date_gmt":"2024-09-17T07:15:00","guid":{"rendered":"https:\/\/fsmcv.org\/certamens\/el-ii-cicle-de-concerts-fsmcv-de-musica-de-cambra-mostra-el-talent-de-les-societats-musicals-en-lalqueria-julia\/"},"modified":"2024-10-10T09:30:57","modified_gmt":"2024-10-10T07:30:57","slug":"el-ii-cicle-de-concerts-fsmcv-de-musica-de-cambra-mostra-el-talent-de-les-societats-musicals-en-lalqueria-julia","status":"publish","type":"post","link":"https:\/\/fsmcv.org\/vl\/noticies-campanyes\/el-ii-cicle-de-concerts-fsmcv-de-musica-de-cambra-mostra-el-talent-de-les-societats-musicals-en-lalqueria-julia\/","title":{"rendered":"El II Cicle de Concerts FSMCV de M\u00fasica de Cambra mostra el talent de les societats musicals en l&#8217;Alqueria Juli\u00e0"},"content":{"rendered":"\n<p><em>Deu noves formacions actuaran els dissabtes al migdia entre setembre i desembre a la Casa de la M\u00fasica<\/em><\/p>\n\n<p><em>L&#8217;entrada \u00e9s lliure fins a completar aforament i a cada recital li precedir\u00e0 una visita guiada per la seu de la Federaci\u00f3<\/em><\/p>\n\n<p><strong>17\/09\/2024. VAL\u00c8NCIA.<\/strong> Despr\u00e9s de l&#8217;\u00e8xit de la primera edici\u00f3, la Federaci\u00f3 de Societats Musicals de la Comunitat Valenciana celebra el II Cicle de Concerts FSMCV de M\u00fasica de Cambra.<\/p>\n\n<p>Esta proposta tornar\u00e0 a mostrar el talent i la versatilitat de les formacions de les societats musicals en un entorn tan acollidor com l&#8217;Alqueria Juli\u00e0-Casa de la M\u00fasica, seu de la pr\u00f2pia Federaci\u00f3. El cicle consta de deu concerts protagonitzats per grups de cambra pertanyents a agrupacions federades, formats per conjunts d&#8217;entre 6 i 10 m\u00fasics. <\/p>\n\n<p>Els concerts se celebraran els dissabtes al migdia, a les 12.00 hores, i tindran una duraci\u00f3 aproximada de 45 minuts. La s\u00e8rie d&#8217;actuacions comen\u00e7a dissabte que ve, 21 de setembre, i s&#8217;estendr\u00e0 fins al pr\u00f2xim 21 de desembre, dia en qu\u00e8 se celebrar\u00e0 un recital de Nadal. <br\/>Els concerts seran d&#8217;entrada lliure fins a completar aforament a excepci\u00f3 de dos d&#8217;ells, l&#8217;assist\u00e8ncia als quals ser\u00e0 possible \u00fanicament amb invitaci\u00f3. Com a novetat, la FSMCV oferir\u00e0 als assistents una visita guiada per l&#8217;Alqueria Juli\u00e0-Casa de la M\u00fasica, una joia arquitect\u00f2nica del segle XVII valenci\u00e0 restaurada per CaixaBank.   <\/p>\n\n<p>El calendari d&#8217;actuacions obertes al p\u00fablic \u00e9s el seg\u00fcent:<\/p>\n\n<ul class=\"wp-block-list\">\n<li><strong>21<\/strong><strong> de se<\/strong><strong>t<\/strong><strong>embre<\/strong>. Sociedad Uni\u00f3n Musical de Petrer <\/li>\n\n\n\n<li><strong>28<\/strong><strong> d<\/strong><strong>e setembre<\/strong>. Joventut Musical d&#8217;Albal <\/li>\n\n\n\n<li><strong>5<\/strong> <strong>d<\/strong><strong>&#8216;<\/strong><strong>octubre<\/strong>. Societat Uni\u00f3 Musical d&#8217;Alberic <\/li>\n\n\n\n<li><strong>12<\/strong><strong> d<\/strong><strong>&#8216; <\/strong><strong>octubre<\/strong>. Sociedad Arte Musical La Filarm\u00f3nica <\/li>\n\n\n\n<li><strong>2<\/strong> <strong>de no<\/strong><strong>v<\/strong><strong>embre<\/strong>. C. I. M. Santa Cecilia de Y\u00e1tova <\/li>\n\n\n\n<li><strong>16 de novembre<\/strong>. Uni\u00f3 Musical d&#8217;Atzeneta (acc\u00e9s nom\u00e9s amb invitaci\u00f3) <\/li>\n\n\n\n<li><strong>23<\/strong> <strong>de no<\/strong><strong>v<\/strong><strong>embre<\/strong>. Societat Musical Barri de Malilla <\/li>\n\n\n\n<li><strong>30<\/strong> <strong>de no<\/strong><strong>v<\/strong><strong>embre<\/strong>. S. M. I. Santa Cecilia de Cullera <\/li>\n\n\n\n<li><strong>14 de desembre.<\/strong> Ateneo Musical de Cullera (acc\u00e9s nom\u00e9s amb invitaci\u00f3)<\/li>\n\n\n\n<li><strong>21 de desembre<\/strong>. U. M. Sue\u00f1os de Artista Almed\u00edjar <\/li>\n<\/ul>\n\n<p>L\u2019agenda completa tamb\u00e9 es pot consultar en la web de FSMCV.<\/p>\n\n<figure class=\"wp-block-image size-full\"><img fetchpriority=\"high\" decoding=\"async\" width=\"1616\" height=\"1080\" src=\"https:\/\/fsmcv.org\/wp-content\/uploads\/2024\/10\/Foto_El-II-Ciclo-de-Conciertos-FSMCV-de-Musica-de-Camara-muestra-el-talento-de-las-sociedades-musicales-en-la-Alqueria-Julia-1.jpg\" alt=\"\" class=\"wp-image-74229\" title=\"\" srcset=\"https:\/\/fsmcv.org\/wp-content\/uploads\/2024\/10\/Foto_El-II-Ciclo-de-Conciertos-FSMCV-de-Musica-de-Camara-muestra-el-talento-de-las-sociedades-musicales-en-la-Alqueria-Julia-1.jpg 1616w, https:\/\/fsmcv.org\/wp-content\/uploads\/2024\/10\/Foto_El-II-Ciclo-de-Conciertos-FSMCV-de-Musica-de-Camara-muestra-el-talento-de-las-sociedades-musicales-en-la-Alqueria-Julia-1-768x513.jpg 768w, https:\/\/fsmcv.org\/wp-content\/uploads\/2024\/10\/Foto_El-II-Ciclo-de-Conciertos-FSMCV-de-Musica-de-Camara-muestra-el-talento-de-las-sociedades-musicales-en-la-Alqueria-Julia-1-391x260.jpg 391w, https:\/\/fsmcv.org\/wp-content\/uploads\/2024\/10\/Foto_El-II-Ciclo-de-Conciertos-FSMCV-de-Musica-de-Camara-muestra-el-talento-de-las-sociedades-musicales-en-la-Alqueria-Julia-1-1536x1027.jpg 1536w, https:\/\/fsmcv.org\/wp-content\/uploads\/2024\/10\/Foto_El-II-Ciclo-de-Conciertos-FSMCV-de-Musica-de-Camara-muestra-el-talento-de-las-sociedades-musicales-en-la-Alqueria-Julia-1-600x401.jpg 600w\" sizes=\"(max-width: 1616px) 100vw, 1616px\" \/><\/figure>\n\n<p><strong>Acord amb la<\/strong> <strong>Universidad Internacional de Valencia<\/strong><strong><\/strong><\/p>\n\n<p>El II Cicle de Concerts FSMCV de M\u00fasica de Cambra comptar\u00e0 amb la col\u00b7laboraci\u00f3 de la Universidad Internacional de Valencia (VIU), la qual regalar\u00e0 un instrument a cadascuna de les formacions que protagonitzen el cartell d&#8217;actuacions.<\/p>\n\n<p>La iniciativa forma part del conveni entre FSMCV i VIU per a posar en valor i potenciar la formaci\u00f3 dels estudiants de m\u00fasica, nacionals i internacionals, de la Facultat d&#8217;Arts, Humanitats i Comunicaci\u00f3 de la citada universitat.<\/p>\n","protected":false},"excerpt":{"rendered":"<p>Deu noves formacions actuaran els dissabtes al migdia entre setembre i desembre a la Casa de la M\u00fasica L&#8217;entrada \u00e9s lliure fins a completar aforament i a cada recital li precedir\u00e0 una visita guiada per la seu de la Federaci\u00f3 17\/09\/2024. VAL\u00c8NCIA. Despr\u00e9s de l&#8217;\u00e8xit de la primera edici\u00f3, la Federaci\u00f3 de Societats Musicals de [&hellip;]<\/p>\n","protected":false},"author":17,"featured_media":74228,"comment_status":"closed","ping_status":"closed","sticky":false,"template":"","format":"standard","meta":{"footnotes":""},"categories":[215],"tags":[],"class_list":["post-74243","post","type-post","status-publish","format-standard","has-post-thumbnail","hentry","category-noticies-campanyes"],"_links":{"self":[{"href":"https:\/\/fsmcv.org\/vl\/wp-json\/wp\/v2\/posts\/74243","targetHints":{"allow":["GET"]}}],"collection":[{"href":"https:\/\/fsmcv.org\/vl\/wp-json\/wp\/v2\/posts"}],"about":[{"href":"https:\/\/fsmcv.org\/vl\/wp-json\/wp\/v2\/types\/post"}],"author":[{"embeddable":true,"href":"https:\/\/fsmcv.org\/vl\/wp-json\/wp\/v2\/users\/17"}],"replies":[{"embeddable":true,"href":"https:\/\/fsmcv.org\/vl\/wp-json\/wp\/v2\/comments?post=74243"}],"version-history":[{"count":0,"href":"https:\/\/fsmcv.org\/vl\/wp-json\/wp\/v2\/posts\/74243\/revisions"}],"wp:featuredmedia":[{"embeddable":true,"href":"https:\/\/fsmcv.org\/vl\/wp-json\/wp\/v2\/media\/74228"}],"wp:attachment":[{"href":"https:\/\/fsmcv.org\/vl\/wp-json\/wp\/v2\/media?parent=74243"}],"wp:term":[{"taxonomy":"category","embeddable":true,"href":"https:\/\/fsmcv.org\/vl\/wp-json\/wp\/v2\/categories?post=74243"},{"taxonomy":"post_tag","embeddable":true,"href":"https:\/\/fsmcv.org\/vl\/wp-json\/wp\/v2\/tags?post=74243"}],"curies":[{"name":"wp","href":"https:\/\/api.w.org\/{rel}","templated":true}]}}