{"id":7485,"date":"2018-01-11T09:26:49","date_gmt":"2018-01-11T08:26:49","guid":{"rendered":"https:\/\/fsmcv.org\/?post_type=fsmcv-noticias&#038;p=7485"},"modified":"2021-03-29T18:29:27","modified_gmt":"2021-03-29T16:29:27","slug":"denou-artistes-alcoians-creen-simfonia-pictorica-musica-nova-175-aniversari","status":"publish","type":"post","link":"https:\/\/fsmcv.org\/vl\/societats-musicals\/denou-artistes-alcoians-creen-simfonia-pictorica-musica-nova-175-aniversari\/","title":{"rendered":"D\u00e8nou artistes alcoians creen una simfonia pict\u00f2rica per a la M\u00fasica Nova pel 175\u00e8 aniversari"},"content":{"rendered":"<p>D\u00e8nou artistes alcoians han creat una simfonia pict\u00f2rica amb motiu del 175\u00e8 aniversari de la Societat Musical Nova d\u2019Alcoi. Les obres formen part de l\u2019exposici\u00f3 Tonalitats, que s\u2019inaugurar\u00e0 aquest dissabte a les 12:30 hores en la Sala Fernando Cabrera del Museu Alcoi\u00e0 de la Festa.<\/p>\n<p>Paco Aznar, Jos\u00e9 Borrell, Ximo Canet, Dori Cant\u00f3, Jes\u00fas Cees, Jorge Cerd\u00e1 Giron\u00e9s, Juan Climent, Ignacio Dom\u00e9nech, Caro Guarinos, Carlos Merch\u00e1n, Jos\u00e9 Luis Moll\u00e0, Fran Parre\u00f1o, Jordi Peidro, Luis Sanus, Jordi Sell\u00e9s, Manuel Solbes Arjona, Ignacio Trelis, Javier Trelis i Andrea Verd\u00fa han realitzat, sobre una l\u00e0mina prima de fusta, unes extraordin\u00e0ries obres pict\u00f2riques. Des de la M\u00fasica Nova agra\u00efm enormement la inestimable feina i col\u00b7laboraci\u00f3 de tots aquests pintors, il\u00b7lustradors i dissenyadors gr\u00e0fics en aquest projecte.<\/p>\n<p>Gr\u00e0cies, aix\u00ed mateix, a l\u2019Associaci\u00f3 de Sant Jordi i al Museu Alcoi\u00e0 de la Festa per col\u00b7laborar en la mostra. Per \u00faltim, convidem a la ciutadania a con\u00e8ixer aquesta in\u00e8dita col\u00b7lecci\u00f3 que podr\u00e0 vistar-se fins a finals de mes en el MAF en horari de dimarts a dissabte de 10 a 14 hores i de 16 a 19 hores i el diumenge de 11 a 14 hores.<\/p>\n","protected":false},"excerpt":{"rendered":"<p>Les obres formen part de l\u2019exposici\u00f3 Tonalitats, que s\u2019inaugurar\u00e0 aquest dissabte al Museu Alcoi\u00e0 de la Festa i podr\u00e0 visitar-se durant el mes de gener<\/p>\n","protected":false},"author":2,"featured_media":0,"comment_status":"closed","ping_status":"closed","sticky":false,"template":"","format":"standard","meta":{"footnotes":""},"categories":[56],"tags":[],"class_list":["post-7485","post","type-post","status-publish","format-standard","hentry","category-societats-musicals"],"_links":{"self":[{"href":"https:\/\/fsmcv.org\/vl\/wp-json\/wp\/v2\/posts\/7485","targetHints":{"allow":["GET"]}}],"collection":[{"href":"https:\/\/fsmcv.org\/vl\/wp-json\/wp\/v2\/posts"}],"about":[{"href":"https:\/\/fsmcv.org\/vl\/wp-json\/wp\/v2\/types\/post"}],"author":[{"embeddable":true,"href":"https:\/\/fsmcv.org\/vl\/wp-json\/wp\/v2\/users\/2"}],"replies":[{"embeddable":true,"href":"https:\/\/fsmcv.org\/vl\/wp-json\/wp\/v2\/comments?post=7485"}],"version-history":[{"count":0,"href":"https:\/\/fsmcv.org\/vl\/wp-json\/wp\/v2\/posts\/7485\/revisions"}],"wp:attachment":[{"href":"https:\/\/fsmcv.org\/vl\/wp-json\/wp\/v2\/media?parent=7485"}],"wp:term":[{"taxonomy":"category","embeddable":true,"href":"https:\/\/fsmcv.org\/vl\/wp-json\/wp\/v2\/categories?post=7485"},{"taxonomy":"post_tag","embeddable":true,"href":"https:\/\/fsmcv.org\/vl\/wp-json\/wp\/v2\/tags?post=7485"}],"curies":[{"name":"wp","href":"https:\/\/api.w.org\/{rel}","templated":true}]}}