{"id":7541,"date":"2018-01-16T13:13:42","date_gmt":"2018-01-16T12:13:42","guid":{"rendered":"https:\/\/fsmcv.org\/?post_type=fsmcv-noticias&#038;p=7541"},"modified":"2020-09-27T18:19:02","modified_gmt":"2020-09-27T18:19:02","slug":"saul-gomez-nou-director-jove-banda-simfonica-fsmcv","status":"publish","type":"post","link":"https:\/\/fsmcv.org\/vl\/certamens\/saul-gomez-nou-director-jove-banda-simfonica-fsmcv\/","title":{"rendered":"El valenci\u00e0 Sa\u00fcl G\u00f3mez, nou director de la Jove Banda Simf\u00f2nica de la FSMCV"},"content":{"rendered":"<p>El compositor valenci\u00e0 Sa\u00fcl G\u00f3mez ha sigut nomenat com a nou director titular de la Jove Banda Simf\u00f2nica de la Federaci\u00f3 de Societats Musicals de la Comunitat Valenciana (FSMCV) per a la temporada 2018.<\/p>\n<p>Sa\u00fcl G\u00f3mez substituir\u00e0 en aquest projecte a Pere Vicalet, qui fou el director de la JBS en 2017.<\/p>\n<p>Nascut a Ontinyent en 1982, \u00e9s Llicenciat en Percussi\u00f3 i Composici\u00f3 pel Conservatori Superior de M\u00fasica Joaqu\u00edn Rodrigo de Val\u00e8ncia i en Direcci\u00f3 d&#8217;Orquestra pel Conservatori Superior de M\u00fasica del Liceu de Barcelona. A m\u00e9s, ha estudiat direcci\u00f3 de banda en la ISEB a Trento (It\u00e0lia) amb Jean Coober, Felix Hauswith, Carlo Pirola i Franco Cesarini.<\/p>\n<p>\u00c9s Professor Superior de M\u00fasica i combina l&#8217;exercici de director amb el de professor d&#8217;orquestra formant part del cos de professors de m\u00fasica i arts esc\u00e8niques de la Generalitat Valenciana.<\/p>\n<p>Pel que es refereix a la direcci\u00f3, actualment \u00e9s director de l&#8217;Agrupaci\u00f3 Musical Santa Cec\u00edlia de Castalla, l&#8217;Associaci\u00f3 Art\u00edstic Musical d&#8217;Oliva i de l&#8217;Orquestra Simf\u00f2nica Caixa Ontinyent. Ha dirigit diverses formacions band\u00edstiques tant a Espanya com a Europa i a prestigiosos solistes internacionals com Vasko Vasilev, Pacho Flores o Francesca Calero, entre uns altres.<\/p>\n<p>En l&#8217;\u00e0mbit de la composici\u00f3, ha escrit diferents obres tant per a banda com per a grups instrumentals, ballets o m\u00fasica de cambra entre uns altres. A m\u00e9s d&#8217;a\u00e7\u00f2, ha desenvolupat l&#8217;obra obligada al Certamen Internacional de Val\u00e8ncia de 2015, m\u00fasica de cambra per a l&#8217;orquestra de RTVE, l&#8217;obra obligada per al festival Percute 2016 i tamb\u00e9 ha realitzat treballs per a solistes internacionals de la talla de Jos\u00e9 Franch o el duo Madrid Okho. A m\u00e9s, algunes de les seues obres han sigut publicades per les prestigioses editorials Piles i Molenaar.<\/p>\n<p>Entre els premis i distincions que ha rebut destaquen l&#8217;Esment Honor\u00edfic del Excel\u00b7lent\u00edssim Ajuntament d&#8217;Ontinyent, Primer Premi i Esment d&#8217;Honor al concurs de composici\u00f3 Poble de Muro amb l&#8217;obra <em>Lament<\/em>, Primer Premi i Esment d&#8217;Honor al Certamen Internacional de bandes de m\u00fasica d&#8217;Altea, Segon Premi al &#8220;Concurs Nacional de Composici\u00f3 de Marxes Processionals Ciutat de Toledo&#8221; o Tercer Premi, Secci\u00f3 d&#8217;Honor, al Certamen Internacional de Val\u00e8ncia de 2016. A m\u00e9s, la FSMCV li ha lliurat en dues ocasions un Premi Euterpe: en 2007 a la millor composici\u00f3 amb l&#8217;obra <em>Adalil<\/em> i en 2013 al millor enregistrament al costat del Cercle Musical Primitiva d&#8217;Albaida amb el CD &#8220;Llenguatge Universal&#8221;.<\/p>\n<p>D&#8217;altra banda, des de 2013 \u00e9s membre de l&#8217;Acad\u00e8mia de la M\u00fasica de Val\u00e8ncia, forma part de la junta de l&#8217;Associaci\u00f3 de Compositors Simf\u00f2nics Valencians (COSICOVA) i tamb\u00e9 pertany l&#8217;Acad\u00e8mia dels Grammy.<\/p>\n<p>Actualment, centra la seua carrera en la composici\u00f3 de m\u00fasica simf\u00f2nica i m\u00fasica per al sector audiovisual. En aquest \u00e0mbit, ha rebut tres nominacions als Hollywood Music in Media Awards de Los Angeles i una per als premis Jerry Goldsmith.<\/p>\n<p>En 2018, estrenar\u00e0 obres en Vancouver (Canad\u00e0), Texas (EUA) i la seua m\u00fasica sonar\u00e0 en auditoris de Jap\u00f3, B\u00e8lgica, Holanda, It\u00e0lia i Col\u00f2mbia.<\/p>\n<p><img fetchpriority=\"high\" decoding=\"async\" class=\"aligncenter size-large wp-image-7544\" src=\"https:\/\/fsmcv.org\/BTnet-storage\/wp-uploads\/2018\/01\/Saul-Gomez-683x1024.jpg\" alt=\"\" width=\"683\" height=\"1024\" title=\"\"><\/p>\n","protected":false},"excerpt":{"rendered":"<p>Natural d&#8217;Ontinyent, actualment dirigeix l&#8217;Agrupaci\u00f3 Musical Santa Cec\u00edlia de Castalla, l&#8217;Associaci\u00f3 Art\u00edstic Musical d&#8217;Oliva i l&#8217;Orquestra Simf\u00f2nica Caixa Ontinyent.<\/p>\n","protected":false},"author":2,"featured_media":0,"comment_status":"closed","ping_status":"closed","sticky":false,"template":"","format":"standard","meta":{"footnotes":""},"categories":[],"tags":[],"class_list":["post-7541","post","type-post","status-publish","format-standard","hentry"],"_links":{"self":[{"href":"https:\/\/fsmcv.org\/vl\/wp-json\/wp\/v2\/posts\/7541","targetHints":{"allow":["GET"]}}],"collection":[{"href":"https:\/\/fsmcv.org\/vl\/wp-json\/wp\/v2\/posts"}],"about":[{"href":"https:\/\/fsmcv.org\/vl\/wp-json\/wp\/v2\/types\/post"}],"author":[{"embeddable":true,"href":"https:\/\/fsmcv.org\/vl\/wp-json\/wp\/v2\/users\/2"}],"replies":[{"embeddable":true,"href":"https:\/\/fsmcv.org\/vl\/wp-json\/wp\/v2\/comments?post=7541"}],"version-history":[{"count":0,"href":"https:\/\/fsmcv.org\/vl\/wp-json\/wp\/v2\/posts\/7541\/revisions"}],"wp:attachment":[{"href":"https:\/\/fsmcv.org\/vl\/wp-json\/wp\/v2\/media?parent=7541"}],"wp:term":[{"taxonomy":"category","embeddable":true,"href":"https:\/\/fsmcv.org\/vl\/wp-json\/wp\/v2\/categories?post=7541"},{"taxonomy":"post_tag","embeddable":true,"href":"https:\/\/fsmcv.org\/vl\/wp-json\/wp\/v2\/tags?post=7541"}],"curies":[{"name":"wp","href":"https:\/\/api.w.org\/{rel}","templated":true}]}}