{"id":7549,"date":"2018-01-17T09:16:09","date_gmt":"2018-01-17T08:16:09","guid":{"rendered":"https:\/\/fsmcv.org\/?post_type=fsmcv-noticias&#038;p=7549"},"modified":"2021-03-29T18:27:53","modified_gmt":"2021-03-29T16:27:53","slug":"quinta-edicion-concurso-internacional-composicion-musica-jove-amplia-categorias-musica-coral","status":"publish","type":"post","link":"https:\/\/fsmcv.org\/vl\/societats-musicals\/quinta-edicion-concurso-internacional-composicion-musica-jove-amplia-categorias-musica-coral\/","title":{"rendered":"La cinquena edici\u00f3 del Concurs Internacional de Composici\u00f3 M\u00fasica Jove amplia les seues categories a la m\u00fasica coral"},"content":{"rendered":"<p>L&#8217;Associaci\u00f3 M\u00fasica Jove de Val\u00e8ncia llan\u00e7a una nova convocat\u00f2ria del Concurs Internacional de Composici\u00f3 \u201cM\u00fasica Jove\u201d amb una important novetat: l&#8217;ampliaci\u00f3 de les categories del concurs a la m\u00fasica coral.<\/p>\n<p>D&#8217;aquesta manera, els compositors que ho desitgen, podran presentar les seues composicions a quatre modalitats i, dins d&#8217;elles, vuit nivells: banda (est\u00e0ndard, juvenil i infantil), orquestra (juvenil i infantil), ensemble flexible i cor (juvenil i infantil).<\/p>\n<p>El termini de presentaci\u00f3 dels originals conclou el pr\u00f2xim 26 de febrer, data a partir de la qual un jurat de reconegut prestigi estudiar\u00e0 les partitures presentades a concurs i decidir\u00e0 els guanyadors en cadascuna de les modalitats. Uns guanyadors que es donaran a con\u00e8ixer a mitjan mar\u00e7 en un acte p\u00fablic que se celebrar\u00e0 en la seu de la Fundaci\u00f3 SGAE a Val\u00e8ncia.<\/p>\n<p>Els autors de les obres que obtinguen el primer premi en cadascuna de les categories rebran un diploma, un curs de so en l\u00ednia a Ars Studios, i l&#8217;estrena i l&#8217;enregistrament en CD de l&#8217;obra, a m\u00e9s de 5 exemplars de la mateixa i un val canjeable per material en la tenda de m\u00fasica Consolat de Mar de Benaguasil.<\/p>\n<p>Com ve succeint des de la primera edici\u00f3, les obres guanyadores seran interpretades en un concert gravat en directe i posteriorment editat en CD. Aquest enregistrament ser\u00e0 efectuat per unes agrupacions que seran seleccionades pr\u00f2ximament per l&#8217;AMJ a trav\u00e9s del seu projecte \u201cEn connexi\u00f3\u201d.<\/p>\n<p>A la quarta convocat\u00f2ria del Concurs Internacional de Composici\u00f3 M\u00fasica Jove, celebrada en 2017, es van presentar un total de 68 obres de 45 compositors procedents de 5 pa\u00efsos: Espanya, Col\u00f2mbia, It\u00e0lia, Portugal i Brasil.<\/p>\n<p>Les obres premiades en les categories de vent van ser estrenades per la banda de m\u00fasica de la Societat Musical La Pau de Setaig\u00fces dirigida per Borja Mart\u00ednez Alegre, mentre que les de corda les va estrenar l&#8217;Orquestra Jos\u00e9 Perpiny\u00e0 de Sogorb sota la batuta de Daniel G\u00f3mez Asensio.<\/p>\n<p>El 5\u00e9 Concurs Internacional de Composici\u00f3 M\u00fasica Jove compta amb la col\u00b7laboraci\u00f3 de l&#8217;Institut Valenci\u00e0 de Cultura (IVC).<\/p>\n<hr \/>\n<p><em><br \/>\nImatge: La banda de l&#8217;AMJ en un concert oferit a La Benefic\u00e8ncia el passat mes de desembre.<br \/>\nFot\u00f2graf: Luis L\u00f3pez.<\/em><\/p>\n","protected":false},"excerpt":{"rendered":"<p>Els autors que ho desitgen podran participar en les modalitats de banda (est\u00e0ndard, juvenil i infantil), orquestra (juvenil i infantil), ensemble flexible i cor (juvenil i infantil). El termini de presentaci\u00f3 d&#8217;obres conclour\u00e0 el pr\u00f2xim 26 de febrer.<\/p>\n","protected":false},"author":2,"featured_media":0,"comment_status":"closed","ping_status":"closed","sticky":false,"template":"","format":"standard","meta":{"footnotes":""},"categories":[56],"tags":[],"class_list":["post-7549","post","type-post","status-publish","format-standard","hentry","category-societats-musicals"],"_links":{"self":[{"href":"https:\/\/fsmcv.org\/vl\/wp-json\/wp\/v2\/posts\/7549","targetHints":{"allow":["GET"]}}],"collection":[{"href":"https:\/\/fsmcv.org\/vl\/wp-json\/wp\/v2\/posts"}],"about":[{"href":"https:\/\/fsmcv.org\/vl\/wp-json\/wp\/v2\/types\/post"}],"author":[{"embeddable":true,"href":"https:\/\/fsmcv.org\/vl\/wp-json\/wp\/v2\/users\/2"}],"replies":[{"embeddable":true,"href":"https:\/\/fsmcv.org\/vl\/wp-json\/wp\/v2\/comments?post=7549"}],"version-history":[{"count":0,"href":"https:\/\/fsmcv.org\/vl\/wp-json\/wp\/v2\/posts\/7549\/revisions"}],"wp:attachment":[{"href":"https:\/\/fsmcv.org\/vl\/wp-json\/wp\/v2\/media?parent=7549"}],"wp:term":[{"taxonomy":"category","embeddable":true,"href":"https:\/\/fsmcv.org\/vl\/wp-json\/wp\/v2\/categories?post=7549"},{"taxonomy":"post_tag","embeddable":true,"href":"https:\/\/fsmcv.org\/vl\/wp-json\/wp\/v2\/tags?post=7549"}],"curies":[{"name":"wp","href":"https:\/\/api.w.org\/{rel}","templated":true}]}}