{"id":7555,"date":"2018-01-17T10:50:26","date_gmt":"2018-01-17T09:50:26","guid":{"rendered":"https:\/\/fsmcv.org\/?post_type=fsmcv-noticias&#038;p=7555"},"modified":"2021-03-29T18:26:58","modified_gmt":"2021-03-29T16:26:58","slug":"benicadell-sonor-recital-pianistic-compositors-vall-albaida","status":"publish","type":"post","link":"https:\/\/fsmcv.org\/vl\/societats-musicals\/benicadell-sonor-recital-pianistic-compositors-vall-albaida\/","title":{"rendered":"Benicadell Sonor: Recital pian\u00edstic de compositors de la Vall d&#8217;Albaida"},"content":{"rendered":"<p>Amb el nom de Benicadell Sonor, l\u2019Institut d\u2019Estudis de la Vall d\u2019Albaida ha engegat un projecte de recuperaci\u00f3 i revaloritzaci\u00f3 de compositors de m\u00fasica cl\u00e0ssica de la comarca el reconeixement dels quals a casa nostra no \u00e9s ni de bon tros el que correspon a la qualitat de les seues creacions, ni el que s\u00ed que tenen en altres territoris.<\/p>\n<p>La Vall d\u2019Albaida te\u0301 una interessant produccio\u0301 de compositors de xicoteta, mitjana i gran repercussi\u00f3 que han generat un compendi d\u2019obres de gran qualitat i que conforma una de les vessants culturals valencianes me\u0301s destacables.<\/p>\n<p>El projecte, iniciat l\u2019any passat de la m\u00e0 de Miquel \u00c0ngel M\u00farcia, doctor en Hist\u00f2ria, va comen\u00e7ar per una primera tria de compositors de la nostra comarca, del segle XVIII fins a l\u2019actualitat, amb la intenci\u00f3 d\u2019anar ampliant en anys posteriors la selecci\u00f3 a m\u00e9s autors. A partir d\u2019aquesta primera tria s\u2019ha fet l\u2019elecci\u00f3 d\u2019algunes obres seues que ara passen a formar part del disc que acabem d\u2019enregistrar, produ\u00eft per l\u2019Obra Social de Caixa Ontinyent i que veur\u00e0 la llum al llarg del mes de febrer vinent.<\/p>\n<p>En el CD es publiquen peces de Vicent Rodr\u00edguez Monllor (Ontinyent 1690 \u2013 1760); Josep Melcior Gomis (Ontinyent 1791 \u2013 Par\u00eds 1836); Blai Maria Colomer (Bocairent 1833 \u2013 Par\u00eds 1917); Amanci Amor\u00f3s Sivent (Agullent 1854 \u2013 Sant Cugat del Vall\u00e9s 1925); Eduard Torres P\u00e9rez (Albaida 1872 \u2013 Sevilla 1934); Joan Alborch Mi\u00f1ana (Salem 1973); i Joanjo Albinyana i Gil (L\u2019Olleria, 1967). La interpretaci\u00f3 al piano de totes les composicions va a c\u00e0rrec d\u2019aquest darrer autor, Joanjo Albinyana, concertista, professor superior de piano i m\u00fasica de cambra i pianista acompanyant al Conservatori Professional de M\u00fasica d&#8217;Ontinyent.<\/p>\n<p>Dins aquesta primera fase del Benicadell Sonor, durem tamb\u00e9 als escenaris aquesta m\u00fasica valldalbaidina, a trav\u00e9s de concerts que comen\u00e7aran l\u201911 de febrer de 2018 a Ontinyent. Organitzat conjuntament amb l\u2019Ajuntament de la capital de la Vall d\u2019Albaida, el concert oferir\u00e0 com a programa les peces incloses en el disc, interpretades tamb\u00e9 pel pianista Joanjo Albinyana. L\u2019espectacle musical ser\u00e0 a les 12.00 a la Sala Gomis. Les entrades poden adquirir-se ja a la Sala Gomis i a trav\u00e9s de la web de Caixa Ontinyent.<\/p>\n","protected":false},"excerpt":{"rendered":"<p>El concert oferir\u00e0 com a programa les peces incloses en el disc, interpretades tamb\u00e9 pel pianista Joanjo Albinyana. L\u2019espectacle musical ser\u00e0 el dia 11 de febrer a les 12.00 a la Sala Gomis.<\/p>\n","protected":false},"author":2,"featured_media":0,"comment_status":"closed","ping_status":"closed","sticky":false,"template":"","format":"standard","meta":{"footnotes":""},"categories":[56],"tags":[],"class_list":["post-7555","post","type-post","status-publish","format-standard","hentry","category-societats-musicals"],"_links":{"self":[{"href":"https:\/\/fsmcv.org\/vl\/wp-json\/wp\/v2\/posts\/7555","targetHints":{"allow":["GET"]}}],"collection":[{"href":"https:\/\/fsmcv.org\/vl\/wp-json\/wp\/v2\/posts"}],"about":[{"href":"https:\/\/fsmcv.org\/vl\/wp-json\/wp\/v2\/types\/post"}],"author":[{"embeddable":true,"href":"https:\/\/fsmcv.org\/vl\/wp-json\/wp\/v2\/users\/2"}],"replies":[{"embeddable":true,"href":"https:\/\/fsmcv.org\/vl\/wp-json\/wp\/v2\/comments?post=7555"}],"version-history":[{"count":0,"href":"https:\/\/fsmcv.org\/vl\/wp-json\/wp\/v2\/posts\/7555\/revisions"}],"wp:attachment":[{"href":"https:\/\/fsmcv.org\/vl\/wp-json\/wp\/v2\/media?parent=7555"}],"wp:term":[{"taxonomy":"category","embeddable":true,"href":"https:\/\/fsmcv.org\/vl\/wp-json\/wp\/v2\/categories?post=7555"},{"taxonomy":"post_tag","embeddable":true,"href":"https:\/\/fsmcv.org\/vl\/wp-json\/wp\/v2\/tags?post=7555"}],"curies":[{"name":"wp","href":"https:\/\/api.w.org\/{rel}","templated":true}]}}