{"id":7558,"date":"2018-01-17T12:39:26","date_gmt":"2018-01-17T11:39:26","guid":{"rendered":"https:\/\/fsmcv.org\/?post_type=fsmcv-noticias&#038;p=7558"},"modified":"2021-03-29T18:26:46","modified_gmt":"2021-03-29T16:26:46","slug":"i-encuentro-escuelas-percusion-ciudad-manises","status":"publish","type":"post","link":"https:\/\/fsmcv.org\/vl\/societats-musicals\/i-encuentro-escuelas-percusion-ciudad-manises\/","title":{"rendered":"I Trobada d&#8217;Escoles de Percussi\u00f3 &#8220;Ciutat de Manises&#8221;"},"content":{"rendered":"<p><em>ACTUALITZACI\u00d3: Inscripcions obertes fins al 30 d&#8217;abril a les 23h a l&#8217;enlla\u00e7 <\/em><a href=\"https:\/\/docs.google.com\/forms\/d\/e\/1FAIpQLSck0REo8Uis8lC5o0g5cLcNIATkLu-zLMME1ki0_3C2r5DdjQ\/viewform?c=0&amp;w=1\" target=\"_blank\" rel=\"noopener noreferrer\"><em>https:\/\/docs.google.com\/forms\/d\/e\/1FAIpQLSck0REo8Uis8lC5o0g5cLcNIATkLu-zLMME1ki0_3C2r5DdjQ\/viewform?c=0&amp;w=1<\/em><\/a><\/p>\n<hr \/>\n<p>Naix un nou projecte de la S.M. L&#8217;Art\u00edstica Manisense, per iniciativa del professor de Percussi\u00f3, Daniel Jim\u00e9nez Sanju\u00e1n, per a commemorar el seu 50\u00e9 aniversari.<\/p>\n<p>Aquest projecte t\u00e9 la finalitat d&#8217;implicar als xiquets i xiquetes, que s\u00f3n el futur de la m\u00fasica, aix\u00ed com a professionals d&#8217;\u00e0mbit internacional.<\/p>\n<p>Manises rebr\u00e0 la I Trobada d&#8217;Escoles de Percussi\u00f3, Ciutat de Manises, el 26 de maig del 2018. Aquesta trobada reuneix a escoles elementals de Societats Musicals i Graus Professionals de tota la Comunitat Valenciana.<\/p>\n<p>Les Master Classes seran impartides per professionals de reconegut prestigi.<\/p>\n<p>A m\u00e9s de comptar amb immillorables professionals, complementarem les Master Clas amb:<\/p>\n<p>&#8211; <em>Concurs<\/em>: Els 3 millors participants aconseguiran un magn\u00edfic premi.<br \/>\n&#8211; <em>Concerts<\/em>: Les escoles estan convidades a participar en un concert amb el seu grup de percussi\u00f3.<\/p>\n<p>En definitiva, Manises rebr\u00e0 una de les majors trobades de tota Espanya. Marques conegudes per tot el m\u00f3n de la percussi\u00f3, no solament d&#8217;Espanya si no tamb\u00e9 internacionalment, van a patrocinar aquesta trobada, assegurant un gran \u00e8xit.<\/p>\n<h3>Professors convidats<\/h3>\n<p><strong>Silvia Garc\u00edas<\/strong><\/p>\n<p>Excomponent de MAYUMANA.<\/p>\n<p>Curs amb l&#8217;excomponent de Mayuman\u00e1, Silvia Garc\u00edas De Veus, artista en espectacles com &#8220;Mayumana Xou&#8221;, &#8220;BE&#8221; que es va representar a Nova York, &#8220;Momentum&#8221; i &#8220;Racconto&#8221; amb la col\u00b7laboraci\u00f3 d&#8217;Andreu Buenafuente; i coordinadora art\u00edstica en &#8220;Momentum&#8221; 2008\/2014.<\/p>\n<p><strong>Yoel P\u00e1ez<\/strong><\/p>\n<p>Actualment treballa com a professor a Berklee Val\u00e8ncia i Abpdrums, participa com a professor en nombrosos seminaris i festivals de percussi\u00f3 entre els quals destaquen: La Rioja Drumming Festival 2011, Drumfest Internacional de Sevilla 2008, Seminaris Internacionals de Jazz del Palau de la M\u00fasica de Val\u00e8ncia 2003-2009- 2011, Percufest 2009-2011, Master Classes en infinitat de ciutats d&#8217;Espanya.<\/p>\n<p>Des del 2009 forma part de les gires de la cantant Sole Gim\u00e9nez amb la qual grava \u201cDos Gardenias\u201d i \u201cPeque\u00f1as Cosas\u201d compartint en aquests discos amb artistes com Joan Manuel Serrat, Chano Dominguez, Ivan Lewis, Jorge Pardo, Yelsi Heredia, Joshua Edelman, Ara Malikian entre uns altres.<\/p>\n<p>En aquestes gires actua en diversos pa\u00efsos com It\u00e0lia, M\u00e8xic, el Marroc, Col\u00f2mbia, R. Dominicana i Austr\u00e0lia, on realitzen un concert en la m\u00edtica Opera House de Sydney. En aquests \u00faltims anys, a m\u00e9s de la gira de Sole Gimenez, tamb\u00e9 participa en l&#8217;Homenatge a Nat King Cole al costat del cantant Isaac Delgado. Tamb\u00e9 ha col\u00b7laborat amb la gira de la cantant de flamenc, Concha Buika, i del trombonista de jazz, Julio Montalvo.<\/p>\n<p>Enguany ha tret al mercat el seu DVD \u201cL&#8217;Art de la Independ\u00e8ncia 360\u00ba\u201d passant per m\u00e9s de 12 sets de percussi\u00f3 en els quals abasta nombrosos estils.<\/p>\n<p>Yoel \u00e9s endorser Internacional de les marques: Meinl Percussion &amp; Cymbals, Yamaha Drums,Wincent Estics i Remo Heads.<\/p>\n<p><strong>Josep Furi\u00f3<\/strong><\/p>\n<p>Va ser membre de la EUYO (European Union Youth Orchestra) amb la qual va realitzar v\u00e0ries gires europees amb el director Vladimir Ashkenazy.<\/p>\n<p>Durant les temporades 2003 a 2005 va ser membre de l&#8217;Orquestra Simf\u00f2nica de Gal\u00edcia.<\/p>\n<p>Ha col\u00b7laborat amb Orquestres com: Orquestra de R\u00e0dio Televisi\u00f3 Espanyola, Orquestra Nacional d&#8217;Espanya, Orquestra Simf\u00f2nica de Tenerife, Orquestra Simf\u00f2nica del Principat d&#8217;Ast\u00faries, Orquestra Simf\u00f2nica d&#8217;Extremadura, Orquestra Simf\u00f2nica de Madrid, Orquestra Simf\u00f2nica de Bilbao, Orquestra Ciutat de Granada, Orquestra Real Filharm\u00f2nica de Gal\u00edcia, Orquestra Palau dels Arts Comunitat Valenciana. Tamb\u00e9 ha col\u00b7laborat amb grups de C\u00e0mera com: Sax-Ensemble, Etnos-ensemble, Neopercusi\u00f3n, C\u00e1mera XXI, TAIMA- Granada, Grup Instrumental de Val\u00e8ncia, Collegium Instrumentale, S.P.G. (Spanish Percussion Group).<\/p>\n<p>Dins del m\u00f3n del teatre ha participat en projectes entre els quals es poden destacar els realitzats amb la companyia PERKUSTRA (Brussel\u00b7les-B\u00e8lgica) amb la qual va treballar en \u201cHist\u00f2ria d&#8217;un Percussionista\u201d (2003); gravat per a RTVE, en \u201cMarimb\u00fan\u201d (2006) i en \u201cPpP\u201d (2007). Com a conseq\u00fc\u00e8ncia d&#8217;aquestes incursions en el m\u00f3n de l&#8217;escena ha sigut candidat als premis Max de les Arts Esc\u00e8niques en la seua novena edici\u00f3 (2006), en la categoria de Millor Actor de Repartiment i en la seua desena edici\u00f3 (2007), en la categoria de Millor Actor Principal.<\/p>\n<p>\u00c9s convidat freq\u00fcentment per a realitzar cursos de repertori orquestral en nombrosos conservatoris de tota Espanya. \u00c9s professor des de 2010 del Curset d\u00b4estiu d\u00b4Agullent i des de 2014 professor de repertori orquestral en PercuFest. Des de 2006 \u00e9s professor de l&#8217;Orquestra de Val\u00e8ncia i des de 2013 professor en VPA (Val\u00e8ncia Percussion Academy).<\/p>\n<p><a href=\"https:\/\/www.facebook.com\/encuentropercu\/\" target=\"_blank\" rel=\"noopener noreferrer\">P\u00e0gina de Facebook de l&#8217;esdeveniment.<\/a><\/p>\n","protected":false},"excerpt":{"rendered":"<p>Manises rebr\u00e0 la I Trobada d&#8217;Escoles de Percussi\u00f3, Ciutat de Manises, el 26 de maig del 2018. Les Master Classes seran impartides per professionals de reconegut prestigi. Inscripcions obertes fins al 30 d\u2019abril a les 23h.<\/p>\n","protected":false},"author":2,"featured_media":0,"comment_status":"closed","ping_status":"closed","sticky":false,"template":"","format":"standard","meta":{"footnotes":""},"categories":[56],"tags":[],"class_list":["post-7558","post","type-post","status-publish","format-standard","hentry","category-societats-musicals"],"_links":{"self":[{"href":"https:\/\/fsmcv.org\/vl\/wp-json\/wp\/v2\/posts\/7558","targetHints":{"allow":["GET"]}}],"collection":[{"href":"https:\/\/fsmcv.org\/vl\/wp-json\/wp\/v2\/posts"}],"about":[{"href":"https:\/\/fsmcv.org\/vl\/wp-json\/wp\/v2\/types\/post"}],"author":[{"embeddable":true,"href":"https:\/\/fsmcv.org\/vl\/wp-json\/wp\/v2\/users\/2"}],"replies":[{"embeddable":true,"href":"https:\/\/fsmcv.org\/vl\/wp-json\/wp\/v2\/comments?post=7558"}],"version-history":[{"count":0,"href":"https:\/\/fsmcv.org\/vl\/wp-json\/wp\/v2\/posts\/7558\/revisions"}],"wp:attachment":[{"href":"https:\/\/fsmcv.org\/vl\/wp-json\/wp\/v2\/media?parent=7558"}],"wp:term":[{"taxonomy":"category","embeddable":true,"href":"https:\/\/fsmcv.org\/vl\/wp-json\/wp\/v2\/categories?post=7558"},{"taxonomy":"post_tag","embeddable":true,"href":"https:\/\/fsmcv.org\/vl\/wp-json\/wp\/v2\/tags?post=7558"}],"curies":[{"name":"wp","href":"https:\/\/api.w.org\/{rel}","templated":true}]}}