{"id":7563,"date":"2018-01-18T08:59:18","date_gmt":"2018-01-18T07:59:18","guid":{"rendered":"https:\/\/fsmcv.org\/?post_type=fsmcv-noticias&#038;p=7563"},"modified":"2021-03-29T18:25:51","modified_gmt":"2021-03-29T16:25:51","slug":"lliria-presenta-candidatura-marca-turistica-mediterranew-musix","status":"publish","type":"post","link":"https:\/\/fsmcv.org\/vl\/societats-musicals\/lliria-presenta-candidatura-marca-turistica-mediterranew-musix\/","title":{"rendered":"Ll\u00edria presenta la seua candidatura a la marca tur\u00edstica \u201cMediterranew Musix\u201d"},"content":{"rendered":"<p>L&#8217;Ajuntament de Ll\u00edria, a trav\u00e9s de la regidoria de Turisme, ha presentat la candidatura del municipi per a ser reconegut amb la marca Mediterranew Musix. Esta \u00e9s una iniciativa de l&#8217;Ag\u00e8ncia Val\u00e8ncia del Turisme per a unir la difusi\u00f3 tur\u00edstica junt amb un dels grans valors que posse\u00efx la Comunitat Valenciana, la m\u00fasica i els grans festivals. Per a aix\u00f2 ha creat dos distintius, Mediterranew Musix i Mediterranew Fest, que fusionen els dos elements.<\/p>\n<p>En este sentit, l&#8217;edil de Turisme, Paco Garc\u00eda, ha destacat que esta proposta \u201cseguix la l\u00ednia estrat\u00e8gica que promou enguany l&#8217;Ajuntament amb la celebraci\u00f3del programa \u2018Ll\u00edria Ciutat de Meravelles&#8217;, enfocat a sumar la m\u00fasica i la difusi\u00f3 del patrimoni hist\u00f2ric local\u201d.<\/p>\n<p>L&#8217;elecci\u00f3 dels municipis inclosos en la marca es donar\u00e0 a con\u00e9ixer dem\u00e0 dijous en la Fira Internacional de Turisme de Madrid.<\/p>\n<p>Precisament, el regidor Paco Garc\u00eda ha fet este anunci hui a Fitur, on Turisme Ll\u00edria participa, un any m\u00e9s, per a promocionar este projecte i altres iniciatives. El certamen s&#8217;ha iniciat amb una representaci\u00f3 institucional de Ll\u00edria encap\u00e7alada per l&#8217;alcalde Manolo Civera.<\/p>\n<p>En esta primera jornada, per l&#8217;estand de Turisme Ll\u00edria han passat tamb\u00e9 el president de la Diputaci\u00f3, Jorge Rodr\u00edguez, i el dissenyador de moda Francis Montesinos.<\/p>\n","protected":false},"excerpt":{"rendered":"<p>El projecte \u201cLl\u00edria, Ciutat de Meravelles\u201d fusiona m\u00fasica i turisme en l&#8217;estrat\u00e8gia de promoci\u00f3 del patrimoni local.<\/p>\n","protected":false},"author":2,"featured_media":0,"comment_status":"closed","ping_status":"closed","sticky":false,"template":"","format":"standard","meta":{"footnotes":""},"categories":[56],"tags":[],"class_list":["post-7563","post","type-post","status-publish","format-standard","hentry","category-societats-musicals"],"_links":{"self":[{"href":"https:\/\/fsmcv.org\/vl\/wp-json\/wp\/v2\/posts\/7563","targetHints":{"allow":["GET"]}}],"collection":[{"href":"https:\/\/fsmcv.org\/vl\/wp-json\/wp\/v2\/posts"}],"about":[{"href":"https:\/\/fsmcv.org\/vl\/wp-json\/wp\/v2\/types\/post"}],"author":[{"embeddable":true,"href":"https:\/\/fsmcv.org\/vl\/wp-json\/wp\/v2\/users\/2"}],"replies":[{"embeddable":true,"href":"https:\/\/fsmcv.org\/vl\/wp-json\/wp\/v2\/comments?post=7563"}],"version-history":[{"count":0,"href":"https:\/\/fsmcv.org\/vl\/wp-json\/wp\/v2\/posts\/7563\/revisions"}],"wp:attachment":[{"href":"https:\/\/fsmcv.org\/vl\/wp-json\/wp\/v2\/media?parent=7563"}],"wp:term":[{"taxonomy":"category","embeddable":true,"href":"https:\/\/fsmcv.org\/vl\/wp-json\/wp\/v2\/categories?post=7563"},{"taxonomy":"post_tag","embeddable":true,"href":"https:\/\/fsmcv.org\/vl\/wp-json\/wp\/v2\/tags?post=7563"}],"curies":[{"name":"wp","href":"https:\/\/api.w.org\/{rel}","templated":true}]}}