{"id":7566,"date":"2018-01-18T10:58:16","date_gmt":"2018-01-18T09:58:16","guid":{"rendered":"https:\/\/fsmcv.org\/?post_type=fsmcv-noticias&#038;p=7566"},"modified":"2021-03-29T18:25:39","modified_gmt":"2021-03-29T16:25:39","slug":"lira-castellonera-presenta-projecte-anells-ingravids","status":"publish","type":"post","link":"https:\/\/fsmcv.org\/vl\/societats-musicals\/lira-castellonera-presenta-projecte-anells-ingravids\/","title":{"rendered":"La Lira Castellonera presenta el projecte &#8220;Els anells ingr\u00e0vids&#8221;"},"content":{"rendered":"<p>&#8220;Els anells ingr\u00e0vids&#8221; \u00e9s el t\u00edtol del projecte que la Societat Musical Lira Castellonera (SMLC) dur\u00e0 a terme a partir de gener de 2018 amb l\u2019objectiu de compar\u00e8ixer al Certamen Internacional de Bandes de M\u00fasica de Val\u00e8ncia 2019 (CIBM) i al mateix temps acceptar l\u2019excepcional invitaci\u00f3 que ha rebut del JIWEF (Jeju International Wind Ensemble Festival) a l\u2019illa de Jeju (Corea del Sud) per a l\u2019Agost del mateix any. Una invitaci\u00f3 sense precedents per a una Societat Musical Valenciana.<\/p>\n<p>El projecte inclou nombroses activitats i reptes musicals de diversos perfils est\u00e8tics on la banda assolir\u00e0 la seua formaci\u00f3. El projecte es veur\u00e0 recolzat amb la participaci\u00f3 de tota la poblaci\u00f3 a trav\u00e9s d\u2019un micro-mecenatge per aconseguir tots dos projectes amb la m\u00e0xima solv\u00e8ncia.<\/p>\n<p>&#8220;Els anells ingr\u00e0vids&#8221; tindr\u00e0 forma de llibre i ser\u00e0 un document hist\u00f2ric que narrar\u00e0 el periple d\u2019un any i mig d\u2019esfor\u00e7os amb totes les seues vicissituds on la societat del poble de Villanueva de Castell\u00f3n veur\u00e0 reflectit l\u2019esfor\u00e7 d\u2019una comunitat que considera a la seua Societat Musical i a la seua Banda un vertader tresor.<\/p>\n","protected":false},"excerpt":{"rendered":"<p>&#8220;Els anells ingr\u00e0vids&#8221; \u00e9s el t\u00edtol del projecte que la Societat Musical Lira Castellonera (SMLC) dur\u00e0 a terme a partir de gener de 2018 amb l\u2019objectiu de compar\u00e8ixer al Certamen Internacional de Bandes de M\u00fasica de Val\u00e8ncia 2019 (CIBM).<\/p>\n","protected":false},"author":2,"featured_media":0,"comment_status":"closed","ping_status":"closed","sticky":false,"template":"","format":"standard","meta":{"footnotes":""},"categories":[56],"tags":[],"class_list":["post-7566","post","type-post","status-publish","format-standard","hentry","category-societats-musicals"],"_links":{"self":[{"href":"https:\/\/fsmcv.org\/vl\/wp-json\/wp\/v2\/posts\/7566","targetHints":{"allow":["GET"]}}],"collection":[{"href":"https:\/\/fsmcv.org\/vl\/wp-json\/wp\/v2\/posts"}],"about":[{"href":"https:\/\/fsmcv.org\/vl\/wp-json\/wp\/v2\/types\/post"}],"author":[{"embeddable":true,"href":"https:\/\/fsmcv.org\/vl\/wp-json\/wp\/v2\/users\/2"}],"replies":[{"embeddable":true,"href":"https:\/\/fsmcv.org\/vl\/wp-json\/wp\/v2\/comments?post=7566"}],"version-history":[{"count":0,"href":"https:\/\/fsmcv.org\/vl\/wp-json\/wp\/v2\/posts\/7566\/revisions"}],"wp:attachment":[{"href":"https:\/\/fsmcv.org\/vl\/wp-json\/wp\/v2\/media?parent=7566"}],"wp:term":[{"taxonomy":"category","embeddable":true,"href":"https:\/\/fsmcv.org\/vl\/wp-json\/wp\/v2\/categories?post=7566"},{"taxonomy":"post_tag","embeddable":true,"href":"https:\/\/fsmcv.org\/vl\/wp-json\/wp\/v2\/tags?post=7566"}],"curies":[{"name":"wp","href":"https:\/\/api.w.org\/{rel}","templated":true}]}}