{"id":7569,"date":"2018-01-18T17:43:36","date_gmt":"2018-01-18T16:43:36","guid":{"rendered":"https:\/\/fsmcv.org\/?post_type=fsmcv-noticias&#038;p=7569"},"modified":"2021-03-29T18:25:25","modified_gmt":"2021-03-29T16:25:25","slug":"fsmcv-recibe-distintivo-mediterranew-musix","status":"publish","type":"post","link":"https:\/\/fsmcv.org\/vl\/societats-musicals\/fsmcv-recibe-distintivo-mediterranew-musix\/","title":{"rendered":"La FSMCV rep el distintiu Mediterranew Musix"},"content":{"rendered":"<p>Aquesta vesprada en el marc de Fitur, que ha celebrat hui el dia de la Comunitat Valenciana, la Federaci\u00f3 de Societats Musicals de la Comunitat Valenciana (FSMCV) ha rebut el distintiu Mediterranew Musix de mans del secretari auton\u00f2mic de turisme, Francesc Colomer.<\/p>\n<p>L&#8217;acte ha comptat amb la pres\u00e8ncia del President de la Generalitat que ha centrat l&#8217;eix del seu discurs en el reconeixement a la labor desenvolupada per la FSMCV i, fins i tot, ha definit a Val\u00e8ncia com la terra de les 2.000 bandes de m\u00fasica.<\/p>\n<p>L&#8217;objectiu d&#8217;aquesta iniciativa \u00e9s la inclusi\u00f3 de l&#8217;activitat de les Societats Musicals sota la marca Mediterranew Musix, creada per l&#8217;Ag\u00e8ncia Valenciana de Turisme, per a la promoci\u00f3 de les activitats musicals de les tres prov\u00edncies.<\/p>\n<blockquote><p>\u201cEns sentim molt satisfets perque la FSMCV passe a formar part del segell Mediterranew Musix perqu\u00e8 significa el suport i reconeixement de la Generalitat al valor patrimonial i musical que les nostres Societats Musicals aporten a la Comunitat com a atractiu tur\u00edstic nacional i internacional\u201d, ha declarat Pedro Rodr\u00edguez, president de la FSMCV.<\/p><\/blockquote>\n<p>La marca Mediterranew Musix s&#8217;ha creat com un segell de qualitat que ser\u00e0 utilitzat, en aquest cas per la FSMCV, com a mostra de la rellev\u00e0ncia dels concerts i cert\u00e0mens musicals que organitze com a activitat tur\u00edstica de gran inter\u00e8s.<\/p>\n<p>Aquesta iniciativa suposa un pas m\u00e9s en l&#8217;acord convingut entre la FSMCV i l&#8217;Ag\u00e8ncia Valenciana de Turisme el passat mes de mar\u00e7, pel qual es va concertar la inclusi\u00f3 de les Societats Musicals com un dels atractius tur\u00edstics de la Comunitat i la necessitat de potenciar-ho a trav\u00e9s de la seua inclusi\u00f3 en l&#8217;oferta tur\u00edstica de la Generalitat.<\/p>\n<p>En aquest sentit, el secretari auton\u00f2mic Francesc Colomer, ja va comentar que la inclusi\u00f3 de les activitats de les bandes de m\u00fasica dins del programa Mediterranew Musix \u00e9s de gran inter\u00e8s a causa de la nostra singularitat musical, que \u00e9s l&#8217;element diferenciador que busca el turista en aquest \u00e0mbit.<\/p>\n<p>&nbsp;<\/p>\n<hr \/>\n<p><em>Fotografia: \u00c0lex Oltra<\/em><\/p>\n","protected":false},"excerpt":{"rendered":"<p>Aquest segell de qualitat certifica l&#8217;atractiu tur\u00edstic nacional i internacional dels concerts i cert\u00e0mens desenvolupats per les Societats Musicals de les tres prov\u00edncies.<\/p>\n","protected":false},"author":2,"featured_media":0,"comment_status":"closed","ping_status":"closed","sticky":false,"template":"","format":"standard","meta":{"footnotes":""},"categories":[56],"tags":[],"class_list":["post-7569","post","type-post","status-publish","format-standard","hentry","category-societats-musicals"],"_links":{"self":[{"href":"https:\/\/fsmcv.org\/vl\/wp-json\/wp\/v2\/posts\/7569","targetHints":{"allow":["GET"]}}],"collection":[{"href":"https:\/\/fsmcv.org\/vl\/wp-json\/wp\/v2\/posts"}],"about":[{"href":"https:\/\/fsmcv.org\/vl\/wp-json\/wp\/v2\/types\/post"}],"author":[{"embeddable":true,"href":"https:\/\/fsmcv.org\/vl\/wp-json\/wp\/v2\/users\/2"}],"replies":[{"embeddable":true,"href":"https:\/\/fsmcv.org\/vl\/wp-json\/wp\/v2\/comments?post=7569"}],"version-history":[{"count":0,"href":"https:\/\/fsmcv.org\/vl\/wp-json\/wp\/v2\/posts\/7569\/revisions"}],"wp:attachment":[{"href":"https:\/\/fsmcv.org\/vl\/wp-json\/wp\/v2\/media?parent=7569"}],"wp:term":[{"taxonomy":"category","embeddable":true,"href":"https:\/\/fsmcv.org\/vl\/wp-json\/wp\/v2\/categories?post=7569"},{"taxonomy":"post_tag","embeddable":true,"href":"https:\/\/fsmcv.org\/vl\/wp-json\/wp\/v2\/tags?post=7569"}],"curies":[{"name":"wp","href":"https:\/\/api.w.org\/{rel}","templated":true}]}}