{"id":7585,"date":"2018-01-23T12:56:44","date_gmt":"2018-01-23T11:56:44","guid":{"rendered":"https:\/\/fsmcv.org\/?post_type=fsmcv-noticias&#038;p=7585"},"modified":"2021-03-29T18:23:25","modified_gmt":"2021-03-29T16:23:25","slug":"union-musical-santa-cecilia-villar-inicia-programacion-musical-2018-concierto-sin-etiquetas","status":"publish","type":"post","link":"https:\/\/fsmcv.org\/vl\/societats-musicals\/union-musical-santa-cecilia-villar-inicia-programacion-musical-2018-concierto-sin-etiquetas\/","title":{"rendered":"La Uni\u00f3 Musical Santa Cecilia de Villar inicia la programaci\u00f3 musical de 2018 amb un concert \u201cSense etiquetes\u201d"},"content":{"rendered":"<p>La Uni\u00f3 Musical Santa Cecilia (UMSC) de Villar del Arzobispo inicia la temporada musical de 2018 amb un concert molt especial que tindr\u00e0 lloc el pr\u00f2xim dissabte 27 de gener a les 22:30h al sal\u00f3 de concerts de l&#8217;entitat. Sota el t\u00edtol \u201cSense etiquetes\u201d, es tracta d&#8217;un concert innovador per les dates en les quals es realitza i per la seua estructura, ja que en la primera part intervindran grups instrumentals de la societat i en la segona ser\u00e0 la banda simf\u00f2nica al complet la que ocupe l&#8217;escenari.<\/p>\n<p>L&#8217;audici\u00f3 comen\u00e7ar\u00e0 amb la &#8220;Tocatta&#8221; de G. Frescobaldi (1583-1643), a c\u00e0rrec d&#8217;un grup de 10 instrumentistes de metall per a continuar amb &#8220;Old wine in new bottles&#8221;, de G. Jacob (1895-1984) per a grup de vent al que seguir\u00e0 l'&#8221;Octet Malandro&#8221; d&#8217;Arturo M\u00e1rquez (1950).<\/p>\n<p>Despr\u00e9s del descans, la banda simf\u00f2nica en el seu format habitual interpretar\u00e0 per primera vegada &#8220;Fantasy on Osaka folk tunes&#8221; del compositor japon\u00e9s H. Ohguri (1918-1982) i, per a concloure el concert, &#8220;La cort de Granada&#8221; de Ruperto Chap\u00ed (1851-1909).<\/p>\n<p>En ambdues parts, el concert estar\u00e0 dirigit per Luis Serrano Alarc\u00f3n, que aquest mes compleix un any com a director titular de la banda de Villar.<\/p>\n<p>En el transcurs de la vetlada la UMSC presentar\u00e0 la programaci\u00f3 musical de 2018, que ve carregada d&#8217;activitats entre les quals destaquen, entre unes altres, la visita a l&#8217;abril del prestigi\u00f3s director angl\u00e9s Timothy Reynish, en el marc del seu gira musical per Gran Bretanya, Singapur i Jap\u00f3 amb motiu del seu 80\u00e9 aniversari; el concert que oferir\u00e0 la banda a Bunyol al costat del CIM L&#8217;Harm\u00f2nica al maig; la interpretaci\u00f3 de &#8220;Carmina Burana&#8221; en el concert d&#8217;estiu i el viatge de la UMSC a Porto a la tardor.<\/p>\n<h3>Luis Serrano Alarc\u00f3n<\/h3>\n<p>Nascut a Val\u00e8ncia en 1972, Luis Serrano Alarc\u00f3n \u00e9s un compositor i director espanyol de gran projecci\u00f3 internacional. Les seues obres s&#8217;han interpretat en m\u00e9s de 30 pa\u00efsos, ha sigut convidat a dirigir la seua pr\u00f2pia m\u00fasica tant a Espanya com a It\u00e0lia, Singapur, EUA, Col\u00f2mbia i Hong\u2010Kong i ha rebut enc\u00e0rrecs d&#8217;importants entitats i agrupacions nacionals i internacionals entre les quals destaquen Institut Valenci\u00e0 de la M\u00fasica, Certamen Internacional de Bandes Vila d\u2019Altea, Certamen Internacional de Bandes de M\u00fasica de Val\u00e8ncia, CIM L&#8217;Harm\u00f2nica de Bunyol, University of Saint Thomas (Minnesota, EUA), Philharmonic Winds (Singapur) i Hong Kong Band Directors Association.<\/p>\n<p>En 2012, la Southeastern Conference Band Directors Association, formada per un consorci de 14 universitats d&#8217;EUA li encarrega la composici\u00f3 de la seua primera simfonia, estrenada a l&#8217;octubre de 2013 i en 2017 escriu la segona de les seues simfonies per enc\u00e0rrec de University of Saint Thomas, obra que \u00e9s estrenada al maig d&#8217;aqueix mateix any a Minnesota. Entre els seus pr\u00f2xims projectes destaca l&#8217;enc\u00e0rrec d&#8217;un consorci de tres universitats de nord-americanes per a la composici\u00f3 d&#8217;un nou concert per a trompeta.<\/p>\n<p>Ha obtingut en dues ocasions el Primer Premi del Concurs Internacional de Composici\u00f3 de M\u00fasica per a Banda de Corciano (It\u00e0lia), en 2006 amb l&#8217;obra &#8220;Preludi i Dansa de l&#8217;Alba&#8221;, per a quintet de metalls i banda simf\u00f2nica i en 2009 amb &#8220;La Dama Sentinella&#8221;. En 2010 obt\u00e9 amb aquesta mateixa obra el Premi Euterpe de la Federaci\u00f3 de Societats Musicals de la Comunitat Valenciana en la categoria de Millor Composici\u00f3 de M\u00fasica Simf\u00f2nica i en 2011 la seua obra &#8220;Follet&#8221; obt\u00e9 el Premi a la Millor Edici\u00f3 d&#8217;Obra Cl\u00e0ssica en els Premis de la M\u00fasica, que anualment lliura l&#8217;Acad\u00e8mia de les Arts i les Ci\u00e8ncies de la M\u00fasica i que s\u00f3n els m\u00e9s importants en el camp de la m\u00fasica a Espanya.<\/p>\n<p>Luis Serrano Alarc\u00f3n ha sigut, entre 2011 i 2013, membre de WASBE Board of Directors, Junta Directiva de l&#8217;Associaci\u00f3 Mundial de Bandes de M\u00fasica i Ensembles de Vent.<\/p>\n<p>Paral\u00b7lelament desenvolupa una compromesa labor docent com a Funcionari de Carrera en el Cos de Professors de M\u00fasica i Arts Esc\u00e8niques de la Comunitat Valenciana, en el Conservatori Professional de M\u00fasica de Castell\u00f3.<\/p>\n<p>Des de 2015, sota el segell Alarcon Music, desenvolupa el seu propi projecte editorial i, des de gener de 2017 \u00e9s director de la Banda Simf\u00f2nica de la UMSC de Villar del Arzobispo (Val\u00e8ncia).<\/p>\n","protected":false},"excerpt":{"rendered":"<p>Tindr\u00e0 lloc el pr\u00f2xim dissabte 27 de gener a les 22:30 hores al sal\u00f3 de concerts de l&#8217;entitat. Luis Serrano Alarc\u00f3n ha triat un programa amb obres de Gordon Jacob, G. Frescobaldi, Arturo M\u00e1rquez, H. Ohguri i Ruperto Chap\u00ed.<\/p>\n","protected":false},"author":2,"featured_media":0,"comment_status":"closed","ping_status":"closed","sticky":false,"template":"","format":"standard","meta":{"footnotes":""},"categories":[56],"tags":[],"class_list":["post-7585","post","type-post","status-publish","format-standard","hentry","category-societats-musicals"],"_links":{"self":[{"href":"https:\/\/fsmcv.org\/vl\/wp-json\/wp\/v2\/posts\/7585","targetHints":{"allow":["GET"]}}],"collection":[{"href":"https:\/\/fsmcv.org\/vl\/wp-json\/wp\/v2\/posts"}],"about":[{"href":"https:\/\/fsmcv.org\/vl\/wp-json\/wp\/v2\/types\/post"}],"author":[{"embeddable":true,"href":"https:\/\/fsmcv.org\/vl\/wp-json\/wp\/v2\/users\/2"}],"replies":[{"embeddable":true,"href":"https:\/\/fsmcv.org\/vl\/wp-json\/wp\/v2\/comments?post=7585"}],"version-history":[{"count":0,"href":"https:\/\/fsmcv.org\/vl\/wp-json\/wp\/v2\/posts\/7585\/revisions"}],"wp:attachment":[{"href":"https:\/\/fsmcv.org\/vl\/wp-json\/wp\/v2\/media?parent=7585"}],"wp:term":[{"taxonomy":"category","embeddable":true,"href":"https:\/\/fsmcv.org\/vl\/wp-json\/wp\/v2\/categories?post=7585"},{"taxonomy":"post_tag","embeddable":true,"href":"https:\/\/fsmcv.org\/vl\/wp-json\/wp\/v2\/tags?post=7585"}],"curies":[{"name":"wp","href":"https:\/\/api.w.org\/{rel}","templated":true}]}}