{"id":75896,"date":"2024-12-17T15:53:44","date_gmt":"2024-12-17T14:53:44","guid":{"rendered":"https:\/\/fsmcv.org\/certamens\/el-i-concurs-de-composicio-per-a-banda-simfonica-de-la-diputacio-de-castello-i-la-fsmcv-proclama-les-obres-guanyadores\/"},"modified":"2025-02-14T09:24:15","modified_gmt":"2025-02-14T08:24:15","slug":"el-i-concurs-de-composicio-per-a-banda-simfonica-de-la-diputacio-de-castello-i-la-fsmcv-proclama-les-obres-guanyadores","status":"publish","type":"post","link":"https:\/\/fsmcv.org\/vl\/convocatories-publiques\/el-i-concurs-de-composicio-per-a-banda-simfonica-de-la-diputacio-de-castello-i-la-fsmcv-proclama-les-obres-guanyadores\/","title":{"rendered":"El I Concurs de Composici\u00f3 per a Banda Simf\u00f2nica de la Diputaci\u00f3 de Castell\u00f3 i la FSMCV proclama les obres guanyadores"},"content":{"rendered":"\n<ul class=\"wp-block-list\">\n<li><strong>Les peces premiades, originals i que evoquen elements dels pobles i ciutats de Castell\u00f3, seran interpretades en el Certamen Provincial de Bandes de M\u00fasica en la primavera del 2025<\/strong><\/li>\n\n\n\n<li><strong>\u201cEste certamen ha tingut l&#8217;objectiu de fomentar la cultura musical en general i de banda en particular a la prov\u00edncia, ampliar el seu patrimoni i facilitar als compositors la possibilitat que la seua pe\u00e7a siga interpretada, escoltada i difosa\u201d, ha expressat el diputat de Cultura, Alejandro Clausell<\/strong><\/li>\n<\/ul>\n\n<p><strong><u>Castell\u00f3, 15 de desembre de 2024<\/u><\/strong><strong>. <\/strong>El Concurs de Composici\u00f3 per a Banda Simf\u00f2nica de la Diputaci\u00f3 de Castell\u00f3 i la Federaci\u00f3 de Societats Musicals de la Comunitat Valenciana, ha proclamat els guanyadors de la seua primera edici\u00f3.<\/p>\n\n<p>Esta iniciativa de la Diputaci\u00f3 de Castell\u00f3 en col\u00b7laboraci\u00f3 amb la FSMCV t\u00e9 la finalitat de recon\u00e9ixer obres originals per a banda simf\u00f2nica que capturen l&#8217;ess\u00e8ncia de la prov\u00edncia de Castell\u00f3..<\/p>\n\n<p>Com ha indicat el diputat de Cultura, Alejandro Clausell, \u201ceste certamen ha tingut l&#8217;objectiu de fomentar la cultura musical en general i de banda en particular a la prov\u00edncia, ampliar el seu patrimoni i facilitar als compositors la possibilitat que la seua pe\u00e7a siga interpretada, escoltada i difosa\u201d. \u201cLa prov\u00edncia de Castell\u00f3 compta amb compositors de gran nivell i hem volgut posar en valor el treball, esfor\u00e7 i hores de sacrifici que suposa per a ells l&#8217;elaboraci\u00f3 de les obres musicals que despr\u00e9s interpreten les nostres bandes\u201d, ha enaltit el diputat de Cultura. <\/p>\n\n<p>I \u00e9s que, a m\u00e9s, esta primera edici\u00f3 del Concurs de Composici\u00f3 per a Bandes de M\u00fasica ha perseguit l&#8217;objectiu de plasmar, a trav\u00e9s de la m\u00fasica, una visi\u00f3 de la prov\u00edncia, aix\u00ed com difondre el nom de Castell\u00f3 per tota la geografia nacional i internacional, perqu\u00e8 \u201cCastell\u00f3 \u00e9s terra de bandes de m\u00fasica\u201d, ha assenyalat Clausell. <\/p>\n\n<p>El certamen presentava quatre modalitats per a presentar els treballs, en funci\u00f3 de la dimensi\u00f3 de la formaci\u00f3 que ha de donar-los vida. Una vegada finalitzat el termini, el jurat ha triat tres obres guanyadores. Com a part del premi, totes les obres triades seran interpretades en la pr\u00f2xima edici\u00f3 del Certamen Provincial de Bandes de M\u00fasica de Castell\u00f3, en la primavera de 2025.  <\/p>\n\n<p>L&#8217;obra guanyadora en la Primera Secci\u00f3 \u00e9s <em>Morelladon<\/em>, del compositor Jes\u00fas Or\u00f3n Bol\u00f3s. En la Segona Secci\u00f3 ha sigut triada la pe\u00e7a <em>Llegendes de la mar i la terra<\/em>, de Pere Sanz Alcover. La Secci\u00f3 Tercera ha quedat finalment deserta i en la Secci\u00f3 Quarta l&#8217;obra triada \u00e9s <em>La torre del rey<\/em>, de Carlos Vall\u00e9s Donate.  <\/p>\n\n<p><strong>Una mirada musical a Castell\u00f3<\/strong><\/p>\n\n<p>L&#8217;esperit de la convocat\u00f2ria era obtindre peces que evoquen una visi\u00f3 de Castell\u00f3, aix\u00ed com divulgar el nom de la prov\u00edncia. Per aix\u00f2, a m\u00e9s de ser obres originals, les peces guanyadores plasmen una visi\u00f3 o imatge musical que fa al\u00b7lusi\u00f3 a fets hist\u00f2rics, ciutats i pobles de la prov\u00edncia, monuments, personatges il\u00b7lustres o qualsevol altre element lligat a esta terra. <\/p>\n\n<p>\u201cEls concursos que impulsa la FSMCV i aquest en concret amb la Diputaci\u00f3 de Castell\u00f3 tenen un vessant divulgatiu. M\u00e9s enll\u00e0 de premiar els compositors, volem mostrar el seu talent, per aix\u00f2 sempre busquem l&#8217;estrena de les partitures guanyadores. Que en este cas l&#8217;aparador siga el Certamen Provincial de Bandes \u00e9s un luxe\u201d, ha apuntat la presidenta de FSMCV, Daniela Gonz\u00e1lez.<\/p>\n","protected":false},"excerpt":{"rendered":"<p>Castell\u00f3, 15 de desembre de 2024. El Concurs de Composici\u00f3 per a Banda Simf\u00f2nica de la Diputaci\u00f3 de Castell\u00f3 i la Federaci\u00f3 de Societats Musicals de la Comunitat Valenciana, ha proclamat els guanyadors de la seua primera edici\u00f3. Esta iniciativa de la Diputaci\u00f3 de Castell\u00f3 en col\u00b7laboraci\u00f3 amb la FSMCV t\u00e9 la finalitat de recon\u00e9ixer [&hellip;]<\/p>\n","protected":false},"author":17,"featured_media":68858,"comment_status":"closed","ping_status":"closed","sticky":false,"template":"","format":"standard","meta":{"footnotes":""},"categories":[45],"tags":[],"class_list":["post-75896","post","type-post","status-publish","format-standard","has-post-thumbnail","hentry","category-convocatories-publiques"],"_links":{"self":[{"href":"https:\/\/fsmcv.org\/vl\/wp-json\/wp\/v2\/posts\/75896","targetHints":{"allow":["GET"]}}],"collection":[{"href":"https:\/\/fsmcv.org\/vl\/wp-json\/wp\/v2\/posts"}],"about":[{"href":"https:\/\/fsmcv.org\/vl\/wp-json\/wp\/v2\/types\/post"}],"author":[{"embeddable":true,"href":"https:\/\/fsmcv.org\/vl\/wp-json\/wp\/v2\/users\/17"}],"replies":[{"embeddable":true,"href":"https:\/\/fsmcv.org\/vl\/wp-json\/wp\/v2\/comments?post=75896"}],"version-history":[{"count":0,"href":"https:\/\/fsmcv.org\/vl\/wp-json\/wp\/v2\/posts\/75896\/revisions"}],"wp:featuredmedia":[{"embeddable":true,"href":"https:\/\/fsmcv.org\/vl\/wp-json\/wp\/v2\/media\/68858"}],"wp:attachment":[{"href":"https:\/\/fsmcv.org\/vl\/wp-json\/wp\/v2\/media?parent=75896"}],"wp:term":[{"taxonomy":"category","embeddable":true,"href":"https:\/\/fsmcv.org\/vl\/wp-json\/wp\/v2\/categories?post=75896"},{"taxonomy":"post_tag","embeddable":true,"href":"https:\/\/fsmcv.org\/vl\/wp-json\/wp\/v2\/tags?post=75896"}],"curies":[{"name":"wp","href":"https:\/\/api.w.org\/{rel}","templated":true}]}}