{"id":759,"date":"2016-04-01T18:46:35","date_gmt":"2016-04-01T16:46:35","guid":{"rendered":"http:\/\/fsmcv.org\/?post_type=fsmcv-noticias&#038;p=759"},"modified":"2020-09-27T18:26:15","modified_gmt":"2020-09-27T18:26:15","slug":"la-societat-musical-i-lirica-de-benissa-celebra-aquest-diumenge-en-ladda-el-seu-125-aniversari","status":"publish","type":"post","link":"https:\/\/fsmcv.org\/vl\/noticies-campanyes\/musica-a-la-llum\/la-societat-musical-i-lirica-de-benissa-celebra-aquest-diumenge-en-ladda-el-seu-125-aniversari\/","title":{"rendered":"La Societat Musical i L\u00edrica de Benissa celebra aquest diumenge en l&#8217;ADDA el seu 125 aniversari"},"content":{"rendered":"<p><span class=\"texto\">Benissa, 1 d&#8217;abril de 2016<br \/>\nLa Societat Musical i L\u00edrica de Benissa dedica el concert d&#8217;aquest diumenge a l&#8217;ADDA a la commemoraci\u00f3 del seu 125 aniversari. Aquest esdeveniment s&#8217;emmarca dins del IV Cicle de les Bandes de la prov\u00edncia en l&#8217;Auditori de la Diputaci\u00f3 d&#8217;Alacant, ser\u00e0 a les 12 del mat\u00ed.<br \/>\nSota la direcci\u00f3 de Josep Cano el programa a interpretar ser\u00e0 el seg\u00fcent:<\/span><\/p>\n<p>I Part<\/p>\n<p>La Gr\u00e0cia de D\u00e9u. Pasdoble de Ram\u00f3n Roig<\/p>\n<p>Rivieren Cyclus (Els rios)de Malando-Vlak<br \/>\nI. Rio Negre<br \/>\nII. Orinoco<br \/>\nIII. Chubut<\/p>\n<p>Bonaparte d&#8217;Otto Schwarz<\/p>\n<p>II Part<\/p>\n<p>Calabera Rusticana intermedi d&#8217;\u00f2pera, de Pietro Mascagni<\/p>\n<p>El Pr\u00edncep Igor de Borond\u00edn<\/p>\n<p>Aquest concert \u00e9s un m\u00e9s dels actes que ha estat realitzant la Societat per a commemorar el seu aniversari com l&#8217;Exposici\u00f3 125 anys d&#8217;hist\u00f2ria de la Societat L\u00edrica Musical de Benissa realitzada a la fi de l&#8217;any passat. A m\u00e9s d&#8217;haver rebut la Medalla d&#8217;Or per part de la FSMCV, en el marc de la 47 Asambla General en commemoraci\u00f3 de les seues 125 d&#8217;aportaci\u00f3 a la m\u00fasica<br \/>\nM\u00e9s informaci\u00f3:<br \/>\n<a href=\"http:\/\/diputacionalicante.es\/es\/ADDA\/Programacion\/Paginas\/evento.aspx?codID=1211\" target=\"_blank\" rel=\"noopener\">www.diputacionalicante.es\/es\/ADDA\/Programacion\/Paginas\/evento.aspx?codID=1211<\/a><br \/>\n<a href=\"http:\/\/bandadebenissa.org\/\" target=\"_blank\" rel=\"noopener\">\u00a0www.bandadebenissa.org\/<\/a><\/p>\n","protected":false},"excerpt":{"rendered":"<p>L&#8217;esdeveniment s&#8217;emmarca dins del IV Cicle de les Bandes de la prov\u00edncia d&#8217;Alacant en l&#8217;ADDA, ser\u00e0 a les 12 del mat<\/p>\n","protected":false},"author":2,"featured_media":0,"comment_status":"closed","ping_status":"closed","sticky":false,"template":"","format":"standard","meta":{"footnotes":""},"categories":[10],"tags":[],"class_list":["post-759","post","type-post","status-publish","format-standard","hentry","category-musica-a-la-llum"],"_links":{"self":[{"href":"https:\/\/fsmcv.org\/vl\/wp-json\/wp\/v2\/posts\/759","targetHints":{"allow":["GET"]}}],"collection":[{"href":"https:\/\/fsmcv.org\/vl\/wp-json\/wp\/v2\/posts"}],"about":[{"href":"https:\/\/fsmcv.org\/vl\/wp-json\/wp\/v2\/types\/post"}],"author":[{"embeddable":true,"href":"https:\/\/fsmcv.org\/vl\/wp-json\/wp\/v2\/users\/2"}],"replies":[{"embeddable":true,"href":"https:\/\/fsmcv.org\/vl\/wp-json\/wp\/v2\/comments?post=759"}],"version-history":[{"count":0,"href":"https:\/\/fsmcv.org\/vl\/wp-json\/wp\/v2\/posts\/759\/revisions"}],"wp:attachment":[{"href":"https:\/\/fsmcv.org\/vl\/wp-json\/wp\/v2\/media?parent=759"}],"wp:term":[{"taxonomy":"category","embeddable":true,"href":"https:\/\/fsmcv.org\/vl\/wp-json\/wp\/v2\/categories?post=759"},{"taxonomy":"post_tag","embeddable":true,"href":"https:\/\/fsmcv.org\/vl\/wp-json\/wp\/v2\/tags?post=759"}],"curies":[{"name":"wp","href":"https:\/\/api.w.org\/{rel}","templated":true}]}}