{"id":76291,"date":"2025-01-13T13:40:36","date_gmt":"2025-01-13T12:40:36","guid":{"rendered":"https:\/\/fsmcv.org\/certamens\/2a-edicion-gala-de-la-musica-de-lhorta-nordfederacio-de-societats-musicals-de-la-comunitat-valenciana\/"},"modified":"2025-01-17T10:08:43","modified_gmt":"2025-01-17T09:08:43","slug":"2a-edicion-gala-de-la-musica-de-lhorta-nordfederacio-de-societats-musicals-de-la-comunitat-valenciana","status":"publish","type":"post","link":"https:\/\/fsmcv.org\/vl\/societats-musicals\/2a-edicion-gala-de-la-musica-de-lhorta-nordfederacio-de-societats-musicals-de-la-comunitat-valenciana\/","title":{"rendered":"2a Edici\u00f3 Gala de la M\u00fasica de L&#8217;Horta Nord &#8211; Federaci\u00f3 de Societats Musicals de la Comunitat Valenciana"},"content":{"rendered":"\n<p class=\"has-text-align-center\">A celebrar el 25 de gener al Paranimf CEU Cardenal Herrera d&#8217;Alfara del Patriarca<\/p>\n\n<p>L&#8217;esdeveniment va a tindre com a fi el reconeixement de l\u2019esfor\u00e7 col\u00b7lectiu de directius, m\u00fasics, directors , personalitats de l\u2019\u00e0mbit cultural, social, pol\u00edtic i d\u2019institucions que aposten decididament per mantenir, impulsar i desenvolupar la cultura musical valenciana.<\/p>\n\n<p>El pr\u00f2xim dissabte 25 de gener, tindr\u00e0 lloc al Paranimf del CEU Carcenal Herrera d\u2019Alfara del Patriarca la segona edici\u00f3 de la Gala de la M\u00fasica de l&#8217;Horta Nord. L&#8217;esdeveniment est\u00e1 organitzat per la comarca de l&#8217;Horta Nord de la Federaci\u00f3 de Societats Musicals de la Comunitat Valenciana.<\/p>\n\n<p>La gala servir\u00e0 per a premiar a m\u00fasics, directors, directius, personalitats de l&#8217;\u00e0mbit cultural, social, pol\u00edtic, mitjans de comunicaci\u00f3 i institucions que aposten decididament per mantenir, impulsar i desenvolupar la cultura musical valenciana.<\/p>\n\n<p>Aquests premis s\u00f3n el resultat d&#8217;un proc\u00e9s que van iniciar les mateixes societats musicals de la comarca, aportant propostes de figures i col\u00b7lectius que mereixen este reconeixement. Un jurat format per experts de diferents \u00e0mbits de la m\u00fasica ha dirimit la llista final de premiats. <\/p>\n\n<p>\u00abComptem amb una n\u00f2mina de veus amb diversitat de proced\u00e8ncies, idees, generacions i contextos que, en conjunt, representen la realitat plural i compromesa del nostre col\u00b7lectiu. Pensem que aquest esdeveniment llan\u00e7a un missatge sobre la import\u00e0ncia de les societats musicals i la vocaci\u00f3 altruista que implica formar-ne part\u00bb, apunta el president comarcal de FSMCV a l&#8217;Horta Nord, Gabriel Garcia.<\/p>\n\n<p>Els premiats de la 2a edici\u00f3 de la M\u00fasica de l&#8217;Horta Nord s\u00f3n:<\/p>\n\n<ul class=\"wp-block-list\">\n<li><strong>Premi al compromi\u0301s i dedicacio\u0301 a la mu\u0301sica<\/strong> \u2013 Premi al mu\u0301sic\/a, directiu\/va me\u0301s longeu en actiu a <strong>Salvador Mugui Casino<\/strong>, del Centre Art\u00edstic Musical Sta. Cecilia de Foios. <\/li>\n\n\n\n<li><strong>Premi al compromi\u0301s i dedicacio\u0301 a la mu\u0301sica<\/strong> \u2013 Directiu\/va de Societat Musical a <strong>Jos\u00e9 Ram\u00f3n Granell<\/strong>, expresident de la Societat Musical Centre Eslava d\u2019Albuixech.<\/li>\n\n\n\n<li><strong>Premi al compromi\u0301s i dedicacio\u0301 a la mu\u0301sica<\/strong> &#8211; Premi al mu\u0301sic de Societat Musical a <strong>Carles Antoni Taroncher<\/strong> de l\u2019Agrupaci\u00f3 Musical d&#8217;Alfara del Patriarca.<\/li>\n\n\n\n<li><strong>Premi al me\u0300rit acade\u0300mic<\/strong> \u2013 Grau Mitja\u0300 a <strong>Marta Andreo Mart\u00edn<\/strong> de la Societat Musical \u201cLa Primitiva\u201d de Rafelbunyol.<\/li>\n\n\n\n<li><strong>Premi al me\u0300rit acade\u0300mic<\/strong> \u2013 Grau Superior a <strong>Joan Carot Martinez<\/strong> de l\u2019Agrupaci\u00f3 Musical de Rocafort.<\/li>\n\n\n\n<li><strong>Premi al me\u0300rit musical<\/strong> &#8211; Direccio\u0301 musical a <strong>Javier L\u00f3pez Sal\u00f3n<\/strong> de la Agrupaci\u00f3n Musical \u201cLos Silos\u201d de Burjassot.<\/li>\n\n\n\n<li><strong>Premi al me\u0300rit musical <\/strong>&#8211; Direccio\u0301 d&#8217;Escola de Mu\u0301sica a <strong>Jaume Iborra Esteve <\/strong>de la Societat Musical de Bonrep\u00f3s i Mirambell.<em> <\/em><\/li>\n\n\n\n<li><strong>Premi al me\u0300rit musical<\/strong> \u2013 Creacio\u0301 musical a <strong>Josep Ros Garc\u00eda<\/strong> de la Societat Musical de Bonrep\u00f3s i Mirambell.<\/li>\n\n\n\n<li><strong>Premi al suport a la mu\u0301sica<\/strong> \u2013 Institucional a <strong>Rafael Garc\u00eda Garc\u00eda<\/strong>, Alcalde de l\u2019Ajuntament de Burjassot.<\/li>\n\n\n\n<li><strong>Premi al suport a la mu\u0301sica<\/strong> \u2013 Mitja\u0300 de comunicacio\u0301 a<strong> \u00c0 Punt <\/strong>Radio i Televisi\u00f3 de la Comunitat Valencia.<\/li>\n<\/ul>\n\n<p>A l&#8217;acte tamb\u00e9 es convidar\u00e0 a le societats musicals afectades a les que se li far\u00e0 un homenaje en reconeixement de l\u2019afecte i estima i per asegurant-los el nostre treball colectiu de tota la comarca per a que puguen reemprendre l\u2019activitat musical el m\u00e9s prompte aviat posible.<\/p>\n\n<p>L&#8217;Horta Nord compta amb 27 societats musicals, amb localitats que sumen m\u00e9s d&#8217;una agrupaci\u00f3, conformant un exemple de com el col\u00b7lectiu vertebra el nostre territori.<\/p>\n\n<figure class=\"wp-block-image size-full\"><img fetchpriority=\"high\" decoding=\"async\" width=\"1448\" height=\"2048\" src=\"https:\/\/fsmcv.org\/wp-content\/uploads\/2025\/01\/Gala-de-la-Musica_v2_page-0001-scaled.jpg\" alt=\"\" class=\"wp-image-76288\" title=\"\" srcset=\"https:\/\/fsmcv.org\/wp-content\/uploads\/2025\/01\/Gala-de-la-Musica_v2_page-0001-scaled.jpg 1448w, https:\/\/fsmcv.org\/wp-content\/uploads\/2025\/01\/Gala-de-la-Musica_v2_page-0001-768x1086.jpg 768w, https:\/\/fsmcv.org\/wp-content\/uploads\/2025\/01\/Gala-de-la-Musica_v2_page-0001-1086x1536.jpg 1086w, https:\/\/fsmcv.org\/wp-content\/uploads\/2025\/01\/Gala-de-la-Musica_v2_page-0001-600x849.jpg 600w\" sizes=\"(max-width: 1448px) 100vw, 1448px\" \/><\/figure>\n","protected":false},"excerpt":{"rendered":"<p>A celebrar el 25 de gener al Paranimf CEU Cardenal Herrera d&#8217;Alfara del Patriarca L&#8217;esdeveniment va a tindre com a fi el reconeixement de l\u2019esfor\u00e7 col\u00b7lectiu de directius, m\u00fasics, directors , personalitats de l\u2019\u00e0mbit cultural, social, pol\u00edtic i d\u2019institucions que aposten decididament per mantenir, impulsar i desenvolupar la cultura musical valenciana. El pr\u00f2xim dissabte 25 [&hellip;]<\/p>\n","protected":false},"author":17,"featured_media":76289,"comment_status":"closed","ping_status":"closed","sticky":false,"template":"","format":"standard","meta":{"footnotes":""},"categories":[56],"tags":[],"class_list":["post-76291","post","type-post","status-publish","format-standard","has-post-thumbnail","hentry","category-societats-musicals"],"_links":{"self":[{"href":"https:\/\/fsmcv.org\/vl\/wp-json\/wp\/v2\/posts\/76291","targetHints":{"allow":["GET"]}}],"collection":[{"href":"https:\/\/fsmcv.org\/vl\/wp-json\/wp\/v2\/posts"}],"about":[{"href":"https:\/\/fsmcv.org\/vl\/wp-json\/wp\/v2\/types\/post"}],"author":[{"embeddable":true,"href":"https:\/\/fsmcv.org\/vl\/wp-json\/wp\/v2\/users\/17"}],"replies":[{"embeddable":true,"href":"https:\/\/fsmcv.org\/vl\/wp-json\/wp\/v2\/comments?post=76291"}],"version-history":[{"count":0,"href":"https:\/\/fsmcv.org\/vl\/wp-json\/wp\/v2\/posts\/76291\/revisions"}],"wp:featuredmedia":[{"embeddable":true,"href":"https:\/\/fsmcv.org\/vl\/wp-json\/wp\/v2\/media\/76289"}],"wp:attachment":[{"href":"https:\/\/fsmcv.org\/vl\/wp-json\/wp\/v2\/media?parent=76291"}],"wp:term":[{"taxonomy":"category","embeddable":true,"href":"https:\/\/fsmcv.org\/vl\/wp-json\/wp\/v2\/categories?post=76291"},{"taxonomy":"post_tag","embeddable":true,"href":"https:\/\/fsmcv.org\/vl\/wp-json\/wp\/v2\/tags?post=76291"}],"curies":[{"name":"wp","href":"https:\/\/api.w.org\/{rel}","templated":true}]}}