{"id":76451,"date":"2025-01-24T13:57:19","date_gmt":"2025-01-24T12:57:19","guid":{"rendered":"https:\/\/fsmcv.org\/certamens\/presentacio-del-festival-solidari-amb-les-nostres-bandes-de-musica-bandes-afectades-per-la-dana-en-nuevo-centro\/"},"modified":"2025-01-24T14:00:43","modified_gmt":"2025-01-24T13:00:43","slug":"presentacio-del-festival-solidari-amb-les-nostres-bandes-de-musica-bandes-afectades-per-la-dana-en-nuevo-centro","status":"publish","type":"post","link":"https:\/\/fsmcv.org\/vl\/altres\/presentacio-del-festival-solidari-amb-les-nostres-bandes-de-musica-bandes-afectades-per-la-dana-en-nuevo-centro\/","title":{"rendered":"Presentaci\u00f3 del Festival Solidari amb les nostres bandes de m\u00fasica \u201cBandes afectades per la Dana\u201d en Nuevo Centro"},"content":{"rendered":"\n<p>Val\u00e8ncia, 23 de gener 2025<\/p>\n\n<p>Hui dijous, 23 de gener, en la pla\u00e7a interior de nou Centre, s&#8217;ha presentat el <strong>Festival Solidari amb les nostres bandes de m\u00fasica \u201cBandes afectades per la Dana\u201d<\/strong><\/p>\n\n<p>Este festival solidari, organitzat per la Federaci\u00f3 de Societats Musicals de la Comunitat Valenciana, amb el patrocini de nou Centre i la col\u00b7laboraci\u00f3 d&#8217;UME (Uni\u00f3 Musical Espanyola) t\u00e9 com a objectiu fer costat a les bandes de m\u00fasica que han patit les conseq\u00fc\u00e8ncies de la Dana.<\/p>\n\n<p>En Nou Centre, la m\u00fasica sempre ha sigut part fonamental de la nostra identitat, amb nombrosos esdeveniments i festivals organitzats cada any per a donar visibilitat i suport a les bandes de la nostra prov\u00edncia. Per aix\u00f2, al costat de la Federaci\u00f3 de Societats Musicals, volem mostrar la nostra solidaritat a estes bandes afectades, realitzant una aportaci\u00f3 de 1.000 euros a cada una de les 24 bandes participants, per a contribuir a la seua r\u00e0pida recuperaci\u00f3. <\/p>\n\n<p>L&#8217;acte ha comptat amb la pres\u00e8ncia de la Presidenta de la Federaci\u00f3 de Societats Musicals de la Comunitat Valenciana, Daniela Gonz\u00e1lez aix\u00ed com del Director de nou Centre, Alfredo Tell i representants de les Societats Musicals que participaran en este Festival.<\/p>\n\n<p><strong>CALENDARI D&#8217;ACTUACIONS:<\/strong><\/p>\n\n<ul class=\"wp-block-list\">\n<li>Del 31 de gener al 22 de febrer, els divendres a les 18.30h i dissabtes a les 12.00 i 18:30h<\/li>\n\n\n\n<li>Del 19 de setembre a l&#8217;11 d&#8217;octubre, els divendres a les 18.30h i dissabtes a les 12.00 i 18:30h<\/li>\n<\/ul>\n\n<p>Adjuntem programa:<\/p>\n\n<div data-wp-interactive=\"core\/file\" class=\"wp-block-file\"><object data-wp-bind--hidden=\"!state.hasPdfPreview\" hidden class=\"wp-block-file__embed\" data=\"https:\/\/fsmcv.org\/wp-content\/uploads\/2025\/01\/PROGRAMA-FESTIVAL-SOLIDARIO-CON-NUESTRAS-BANDAS-DE-MUSICA.pdf\" type=\"application\/pdf\" style=\"width:100%;height:600px\" aria-label=\"Embed of PROGRAMA FESTIVAL SOLIDARIO CON NUESTRAS BANDAS DE M\u00daSICA.\"><\/object><a id=\"wp-block-file--media-5c93f631-7d3d-4c8d-b1f4-9d13e8cf4fcb\" href=\"https:\/\/fsmcv.org\/wp-content\/uploads\/2025\/01\/PROGRAMA-FESTIVAL-SOLIDARIO-CON-NUESTRAS-BANDAS-DE-MUSICA.pdf\">PROGRAMA FESTIVAL SOLIDARI AMB LES NOSTRES BANDES DE M\u00daSICA<\/a><a href=\"https:\/\/fsmcv.org\/wp-content\/uploads\/2025\/01\/PROGRAMA-FESTIVAL-SOLIDARIO-CON-NUESTRAS-BANDAS-DE-MUSICA.pdf\" class=\"wp-block-file__button wp-element-button\" download=\"\" aria-describedby=\"wp-block-file--media-5c93f631-7d3d-4c8d-b1f4-9d13e8cf4fcb\">Desc\u00e0rrega<\/a><\/div>\n","protected":false},"excerpt":{"rendered":"<p>Val\u00e8ncia, 23 de gener 2025 Hui dijous, 23 de gener, en la pla\u00e7a interior de nou Centre, s&#8217;ha presentat el Festival Solidari amb les nostres bandes de m\u00fasica \u201cBandes afectades per la Dana\u201d Este festival solidari, organitzat per la Federaci\u00f3 de Societats Musicals de la Comunitat Valenciana, amb el patrocini de nou Centre i la [&hellip;]<\/p>\n","protected":false},"author":17,"featured_media":76447,"comment_status":"closed","ping_status":"closed","sticky":false,"template":"","format":"standard","meta":{"footnotes":""},"categories":[304],"tags":[],"class_list":["post-76451","post","type-post","status-publish","format-standard","has-post-thumbnail","hentry","category-altres"],"_links":{"self":[{"href":"https:\/\/fsmcv.org\/vl\/wp-json\/wp\/v2\/posts\/76451","targetHints":{"allow":["GET"]}}],"collection":[{"href":"https:\/\/fsmcv.org\/vl\/wp-json\/wp\/v2\/posts"}],"about":[{"href":"https:\/\/fsmcv.org\/vl\/wp-json\/wp\/v2\/types\/post"}],"author":[{"embeddable":true,"href":"https:\/\/fsmcv.org\/vl\/wp-json\/wp\/v2\/users\/17"}],"replies":[{"embeddable":true,"href":"https:\/\/fsmcv.org\/vl\/wp-json\/wp\/v2\/comments?post=76451"}],"version-history":[{"count":0,"href":"https:\/\/fsmcv.org\/vl\/wp-json\/wp\/v2\/posts\/76451\/revisions"}],"wp:featuredmedia":[{"embeddable":true,"href":"https:\/\/fsmcv.org\/vl\/wp-json\/wp\/v2\/media\/76447"}],"wp:attachment":[{"href":"https:\/\/fsmcv.org\/vl\/wp-json\/wp\/v2\/media?parent=76451"}],"wp:term":[{"taxonomy":"category","embeddable":true,"href":"https:\/\/fsmcv.org\/vl\/wp-json\/wp\/v2\/categories?post=76451"},{"taxonomy":"post_tag","embeddable":true,"href":"https:\/\/fsmcv.org\/vl\/wp-json\/wp\/v2\/tags?post=76451"}],"curies":[{"name":"wp","href":"https:\/\/api.w.org\/{rel}","templated":true}]}}