{"id":76465,"date":"2025-01-27T13:34:29","date_gmt":"2025-01-27T12:34:29","guid":{"rendered":"https:\/\/fsmcv.org\/certamens\/viii-certamen-internacional-de-bandes-de-musica-ciudad-de-benavente\/"},"modified":"2025-01-27T13:49:50","modified_gmt":"2025-01-27T12:49:50","slug":"viii-certamen-internacional-de-bandes-de-musica-ciudad-de-benavente","status":"publish","type":"post","link":"https:\/\/fsmcv.org\/vl\/societats-musicals\/viii-certamen-internacional-de-bandes-de-musica-ciudad-de-benavente\/","title":{"rendered":"VIII Certamen Internacional de Bandes de M\u00fasica &#8220;Ciudad de Benavente&#8221;"},"content":{"rendered":"\n<ul class=\"wp-block-list\">\n<li>Objectiu i finalitat<\/li>\n<\/ul>\n\n<ol class=\"wp-block-list\"><\/ol>\n\n<p>Benavente, encreuament de camins de la regi\u00f3 nord-oest, zona de pas amb una gran tradici\u00f3 musical band\u00edstica, anterior a 1851, sent este l&#8217;any que acredita la fundaci\u00f3 de la banda municipal. Amb tota eixa solera i amb 16 partits de banda organitzats ininterrompudament, \u00e9s el moment de convertir la Trobada de bandes de m\u00fasica \u201cCiudad de Benavente\u201d en Certamen Internacional de bandes de m\u00fasica \u201cCiudad de Benavente\u201d. <\/p>\n\n<ul class=\"wp-block-list\">\n<li>Lloc i data<\/li>\n<\/ul>\n\n<p>Lloc: Benavente, Pla\u00e7a Major.<br\/>Data: <strong>divendres 4, dissabte 5 i diumenge 6 de juliol de 2025.<\/strong> Divendres en horari de vesprada pre certamen no competitiu, dissabte en horari de vesprada i diumenge en horari de dem\u00e0.<\/p>\n\n<ul class=\"wp-block-list\">\n<li>Inscripci\u00f3 i documentaci\u00f3 a presentar<\/li>\n<\/ul>\n\n<ol class=\"wp-block-list\"><\/ol>\n\n<p>Les bandes podran inscriure&#8217;s a partir de l&#8217;endem\u00e0 de la publicaci\u00f3 d&#8217;estes bases que coincidir\u00e0 aproximadament al desembre. Tindran de termini fins al 25 de febrer este prorrogable si l&#8217;organitzaci\u00f3 ho considera, per a aix\u00f2 hauran d&#8217;adjuntar la \u201csol\u00b7licitud de participaci\u00f3\u201d (Annex III) al correu electr\u00f2nic: <a href=\"mailto:bandamaestrolupi@hotmail.com\">bandamaestrolupi@hotmail.com <\/a>(Annex I). La publicaci\u00f3 de les bandes finalistes es far\u00e0 el divendres 3 de mar\u00e7 de 2025.  <\/p>\n\n<p>Adjuntem les bases:<\/p>\n\n<div data-wp-interactive=\"core\/file\" class=\"wp-block-file\"><object data-wp-bind--hidden=\"!state.hasPdfPreview\" hidden class=\"wp-block-file__embed\" data=\"https:\/\/fsmcv.org\/wp-content\/uploads\/2025\/01\/bases_VIII_CIBM_Benavente_2025.pdf\" type=\"application\/pdf\" style=\"width:100%;height:600px\" aria-label=\"Embed of bases_VIII_CIBM_Benavente_2025.\"><\/object><a id=\"wp-block-file--media-dab5d052-a72c-412e-aed8-cfb96e6b0340\" href=\"https:\/\/fsmcv.org\/wp-content\/uploads\/2025\/01\/bases_VIII_CIBM_Benavente_2025.pdf\">bases_VIII_CIBM_Benavente_2025<\/a><a href=\"https:\/\/fsmcv.org\/wp-content\/uploads\/2025\/01\/bases_VIII_CIBM_Benavente_2025.pdf\" class=\"wp-block-file__button wp-element-button\" download=\"\" aria-describedby=\"wp-block-file--media-dab5d052-a72c-412e-aed8-cfb96e6b0340\">Desc\u00e0rrega<\/a><\/div>\n","protected":false},"excerpt":{"rendered":"<p>Benavente, encreuament de camins de la regi\u00f3 nord-oest, zona de pas amb una gran tradici\u00f3 musical band\u00edstica, anterior a 1851, sent este l&#8217;any que acredita la fundaci\u00f3 de la banda municipal. Amb tota eixa solera i amb 16 partits de banda organitzats ininterrompudament, \u00e9s el moment de convertir la Trobada de bandes de m\u00fasica \u201cCiudad [&hellip;]<\/p>\n","protected":false},"author":17,"featured_media":76461,"comment_status":"closed","ping_status":"closed","sticky":false,"template":"","format":"standard","meta":{"footnotes":""},"categories":[56],"tags":[],"class_list":["post-76465","post","type-post","status-publish","format-standard","has-post-thumbnail","hentry","category-societats-musicals"],"_links":{"self":[{"href":"https:\/\/fsmcv.org\/vl\/wp-json\/wp\/v2\/posts\/76465","targetHints":{"allow":["GET"]}}],"collection":[{"href":"https:\/\/fsmcv.org\/vl\/wp-json\/wp\/v2\/posts"}],"about":[{"href":"https:\/\/fsmcv.org\/vl\/wp-json\/wp\/v2\/types\/post"}],"author":[{"embeddable":true,"href":"https:\/\/fsmcv.org\/vl\/wp-json\/wp\/v2\/users\/17"}],"replies":[{"embeddable":true,"href":"https:\/\/fsmcv.org\/vl\/wp-json\/wp\/v2\/comments?post=76465"}],"version-history":[{"count":0,"href":"https:\/\/fsmcv.org\/vl\/wp-json\/wp\/v2\/posts\/76465\/revisions"}],"wp:featuredmedia":[{"embeddable":true,"href":"https:\/\/fsmcv.org\/vl\/wp-json\/wp\/v2\/media\/76461"}],"wp:attachment":[{"href":"https:\/\/fsmcv.org\/vl\/wp-json\/wp\/v2\/media?parent=76465"}],"wp:term":[{"taxonomy":"category","embeddable":true,"href":"https:\/\/fsmcv.org\/vl\/wp-json\/wp\/v2\/categories?post=76465"},{"taxonomy":"post_tag","embeddable":true,"href":"https:\/\/fsmcv.org\/vl\/wp-json\/wp\/v2\/tags?post=76465"}],"curies":[{"name":"wp","href":"https:\/\/api.w.org\/{rel}","templated":true}]}}