{"id":76668,"date":"2025-02-06T14:13:09","date_gmt":"2025-02-06T13:13:09","guid":{"rendered":"https:\/\/fsmcv.org\/certamens\/mes-de-810-000-euros-ja-repartits-a-traves-de-la-fsmcv-per-a-ajudar-a-les-societats-musicals-afectades-per-la-dana\/"},"modified":"2025-02-07T12:28:38","modified_gmt":"2025-02-07T11:28:38","slug":"mes-de-810-000-euros-ja-repartits-a-traves-de-la-fsmcv-per-a-ajudar-a-les-societats-musicals-afectades-per-la-dana","status":"publish","type":"post","link":"https:\/\/fsmcv.org\/vl\/altres\/mes-de-810-000-euros-ja-repartits-a-traves-de-la-fsmcv-per-a-ajudar-a-les-societats-musicals-afectades-per-la-dana\/","title":{"rendered":"M\u00e9s de 810.000 euros ja repartits a trav\u00e9s de la FSMCV per a ajudar a les societats musicals afectades per la DANA"},"content":{"rendered":"\n<p><em><em>La FSMCV continua canalitzant les ajudes amb l&#8217;objectiu de garantir la recuperaci\u00f3 de les bandes i escoles de m\u00fasica damnificades<\/em><\/em><\/p>\n\n<p>La Federaci\u00f3 de Societats Musicals de la Comunitat Valenciana (FSMCV) ha fet balan\u00e7 de les ajudes repartides fins a la data entre les societats musicals afectades per la DANA, amb un total de 810.790,23 euros distribu\u00efts entre donacions econ\u00f2miques i reposici\u00f3 d&#8217;instruments musicals.<\/p>\n\n<p>Des del primer moment, la FSMCV ha articulat estes ajudes amb l&#8217;objectiu d&#8217;evitar que les bandes i escoles de m\u00fasica damnificades vegen interrompuda la seua activitat. \u201cEste \u00e9s un moment clau en el qual hem d&#8217;impedir que molts m\u00fasics i futurs m\u00fasics vegen truncat el seu cam\u00ed. La nostra missi\u00f3 \u00e9s aconseguir que les societats musicals afectades per la cat\u00e0strofe puguen reprendre la seua activitat en les millors condicions possibles\u201d, ha assenyalat Daniela Gonz\u00e1lez, presidenta de la FSMCV. <\/p>\n\n<p><strong><strong>Una ajuda que es materialitza en instruments i suport econ\u00f2mic<\/strong><\/strong><\/p>\n\n<p>El pla de recuperaci\u00f3 impulsat per la FSMCV ha seguit dos l\u00ednies d&#8217;acci\u00f3 principals: el lliurament d&#8217;instruments musicals per a substituir els que es van perdre en la cat\u00e0strofe i el repartiment d&#8217;ajudes econ\u00f2miques directes.<\/p>\n\n<p>D&#8217;una banda, les donacions en esp\u00e8cie han suposat fins a la data un total de 364.190,23 euros, permetent a moltes societats musicals recuperar part del seu equipament instrumental. Nom\u00e9s al desembre de 2024 es van entregar instruments per valor de 235.625,97 euros, mentres que al febrer de 2025 s&#8217;han destinat 128.564,26 euros a noves reposicions. <\/p>\n\n<p>D&#8217;altra banda, les donacions econ\u00f2miques directes han aconseguit els 446.600 euros, una xifra que ha sigut clau per a ajudar les societats musicals a reparar instal\u00b7lacions i garantir el manteniment de la seua activitat. En este sentit, la FSMCV ha gestionat tres fases de repartiment de fons: <\/p>\n\n<p>El 13 de desembre de 2024 es van distribuir 131.300 euros en ajudes. El 13 de gener de 2025 es van sumar altres 109.300 euros. El 30 de gener de 2025, es va realitzar un nou repartiment de 206.000 euros per a continuar donant suport a la recuperaci\u00f3 del sector.  <\/p>\n\n<p><strong><strong>La FSMCV, tamb\u00e9 en primera l\u00ednia de la solidaritat<\/strong><\/strong><\/p>\n\n<p>A m\u00e9s de canalitzar les aportacions externes, la FSMCV ha mobilitzat recursos propis per a refor\u00e7ar el suport a les societats musicals damnificades. Fins a la data, la Federaci\u00f3 ha destinat 278.000 euros procedents de la seua pr\u00f2pia estructura i de la solidaritat de les bandes. D&#8217;esta quantitat, 205.000 euros han sigut aportats per les pr\u00f2pies societats musicals, que han volgut contribuir a la recuperaci\u00f3 del col\u00b7lectiu. A aix\u00f2 se sumen els 73.000 euros que la pr\u00f2pia Federaci\u00f3 ha donat del seu pressupost.<\/p>\n\n<p><strong><strong>Una crida a la col\u00b7laboraci\u00f3 i l&#8217;esperan\u00e7a<\/strong><\/strong><\/p>\n\n<p>Malgrat els esfor\u00e7os realitzats, la FSMCV insistix que la recuperaci\u00f3 total de les societats musicals afectades per la DANA continua sent un proc\u00e9s en marxa que necessita del comprom\u00eds de tots. \u201cGr\u00e0cies a la m\u00fasica i la solidaritat, continuem avan\u00e7ant. Continuem col\u00b7laborant perqu\u00e8 la nostra comunitat i la nostra cultura musical es recupere\u201d. <\/p>\n\n<p>La Federaci\u00f3 agra\u00efx la resposta del sector i de la societat en general, destacant la import\u00e0ncia de la m\u00fasica com a pilar de la identitat valenciana i motor de cohesi\u00f3 social. Amb este esfor\u00e7 conjunt, les bandes i escoles de m\u00fasica podran tornar a sonar amb tota la seua for\u00e7a. <\/p>\n\n<figure class=\"wp-block-image size-full\"><img fetchpriority=\"high\" decoding=\"async\" width=\"2481\" height=\"3508\" src=\"https:\/\/fsmcv.org\/wp-content\/uploads\/2025\/02\/infografia_A4.png\" alt=\"\" class=\"wp-image-76691\" title=\"\" srcset=\"https:\/\/fsmcv.org\/wp-content\/uploads\/2025\/02\/infografia_A4.png 2481w, https:\/\/fsmcv.org\/wp-content\/uploads\/2025\/02\/infografia_A4-768x1086.png 768w, https:\/\/fsmcv.org\/wp-content\/uploads\/2025\/02\/infografia_A4-1086x1536.png 1086w, https:\/\/fsmcv.org\/wp-content\/uploads\/2025\/02\/infografia_A4-1448x2048.png 1448w, https:\/\/fsmcv.org\/wp-content\/uploads\/2025\/02\/infografia_A4-600x848.png 600w\" sizes=\"(max-width: 2481px) 100vw, 2481px\" \/><\/figure>\n","protected":false},"excerpt":{"rendered":"<p>La FSMCV continua canalitzant les ajudes amb l&#8217;objectiu de garantir la recuperaci\u00f3 de les bandes i escoles de m\u00fasica damnificades La Federaci\u00f3 de Societats Musicals de la Comunitat Valenciana (FSMCV) ha fet balan\u00e7 de les ajudes repartides fins a la data entre les societats musicals afectades per la DANA, amb un total de 810.790,23 euros [&hellip;]<\/p>\n","protected":false},"author":17,"featured_media":76692,"comment_status":"closed","ping_status":"closed","sticky":false,"template":"","format":"standard","meta":{"footnotes":""},"categories":[304],"tags":[],"class_list":["post-76668","post","type-post","status-publish","format-standard","has-post-thumbnail","hentry","category-altres"],"_links":{"self":[{"href":"https:\/\/fsmcv.org\/vl\/wp-json\/wp\/v2\/posts\/76668","targetHints":{"allow":["GET"]}}],"collection":[{"href":"https:\/\/fsmcv.org\/vl\/wp-json\/wp\/v2\/posts"}],"about":[{"href":"https:\/\/fsmcv.org\/vl\/wp-json\/wp\/v2\/types\/post"}],"author":[{"embeddable":true,"href":"https:\/\/fsmcv.org\/vl\/wp-json\/wp\/v2\/users\/17"}],"replies":[{"embeddable":true,"href":"https:\/\/fsmcv.org\/vl\/wp-json\/wp\/v2\/comments?post=76668"}],"version-history":[{"count":0,"href":"https:\/\/fsmcv.org\/vl\/wp-json\/wp\/v2\/posts\/76668\/revisions"}],"wp:featuredmedia":[{"embeddable":true,"href":"https:\/\/fsmcv.org\/vl\/wp-json\/wp\/v2\/media\/76692"}],"wp:attachment":[{"href":"https:\/\/fsmcv.org\/vl\/wp-json\/wp\/v2\/media?parent=76668"}],"wp:term":[{"taxonomy":"category","embeddable":true,"href":"https:\/\/fsmcv.org\/vl\/wp-json\/wp\/v2\/categories?post=76668"},{"taxonomy":"post_tag","embeddable":true,"href":"https:\/\/fsmcv.org\/vl\/wp-json\/wp\/v2\/tags?post=76668"}],"curies":[{"name":"wp","href":"https:\/\/api.w.org\/{rel}","templated":true}]}}