{"id":7691,"date":"2018-01-29T10:40:10","date_gmt":"2018-01-29T09:40:10","guid":{"rendered":"https:\/\/fsmcv.org\/?post_type=fsmcv-noticias&#038;p=7691"},"modified":"2021-03-29T18:19:12","modified_gmt":"2021-03-29T16:19:12","slug":"alicantina-mercedes-femenia-nueva-directora-banda-mujeres-fsmcv","status":"publish","type":"post","link":"https:\/\/fsmcv.org\/vl\/banda-sinfonica-de-dones\/alicantina-mercedes-femenia-nueva-directora-banda-mujeres-fsmcv\/","title":{"rendered":"L&#8217;alacantina Mercedes Femen\u00eda, nova directora de la Banda de Dones de la FSMCV"},"content":{"rendered":"<p>La professora de flauta, harmonia, contrapunt i composici\u00f3 Mercedes Femen\u00eda ha sigut nomenada com a nova directora de la Banda de Dones de la Federaci\u00f3 de Societats Musicals de la Comunitat Valenciana (FSMCV). Ocupar\u00e0 aquesta pla\u00e7a durant 2018 i prendr\u00e0 el relleu a Lid\u00f3n Valer, responsable d&#8217;aquest projecte en 2017.<\/p>\n<p>La Banda de Dones va ser una iniciativa de la FSMCV engegada en 2015 amb l&#8217;objectiu de donar veu a les dones a l&#8217;\u00e0mbit musical, silenciades durant segles, mitjan\u00e7ant el reconeixement del seu treball des de la interpretaci\u00f3, la direcci\u00f3, la composici\u00f3 o la gesti\u00f3.<\/p>\n<p>Natural de Pedreguer, Mercedes Femen\u00eda actualment \u00e9s professora tamb\u00e9 de Llenguatge Musical i Iniciaci\u00f3 Primerenca. A banda d&#8217;a\u00e7\u00f2, \u00e9s directora de la banda de \u201cl\u2019Escola Municipal de M\u00fasica\u201d de Pedreguer, de la qual \u00e9s fundadora, i directora convidada de la banda del Centre Art\u00edstic Musical d&#8217;aquesta mateixa localitat. A m\u00e9s, \u00e9s autora del blog d&#8217;educaci\u00f3 musical <a href=\"http:\/\/www.misolesmusica.com\" target=\"_blank\" rel=\"noopener\">www.misolesmusica.com<\/a>.<\/p>\n<p>Pel que es refereix a la seua formaci\u00f3, \u00e9s titulada com a Professora Superior de Flauta, Professora d&#8217;Harmonia, Contrapunt i Composici\u00f3, Professora de Solfeig i Acompanyament, i Diploma Elemental de Piano.<\/p>\n<p>A m\u00e9s, ha completat els seus estudis amb an\u00e0lisi musical i, en relaci\u00f3 a la direcci\u00f3 tant d&#8217;orquestra com de banda, s&#8217;ha format al costat de reconeguts m\u00fasics com Enrique Garc\u00eda Asensio, Juan Esteban, Manuel Hern\u00e1ndez, Jos\u00e9 Rafael Pasqual Vilaplana, Bert Appermont o Andr\u00e9s Valero.<\/p>\n<p>Mercedes Femen\u00eda compta tamb\u00e9 amb una llarga traject\u00f2ria com a directora de banda. Com a exemple, ha dirigit, entre unes altres, la banda Bankia-Les Prov\u00edncies en la Gal\u00b7la \u201cPremis Valencians per al Segle XXI\u201d i la banda de la Universitat d&#8217;Almeria, o de Societats Musicals com ara l&#8217;Associaci\u00f3 Musical Jalonense de Xal\u00f3, la Uni\u00f3 Musical Els Poblets o la del Centre Art\u00edstic Musical de Pedreguer.<\/p>\n<p>En 2001 va ser una de les primeres directores a desfilar pel camp de Mestalla al capdavant d&#8217;una banda dirigint la del Centre Art\u00edstic Musical de Pedreguer i ha sigut directora titular de la \u201cBanda Juvenil Las Provincias\u201d durant la temporada 2016, seleccionada per la FSMCV i el peri\u00f2dic Las Provincias.<\/p>\n<p>Mercedes Femen\u00eda \u00e9s tamb\u00e9 autora de diferents llibres de m\u00fasica com el projecte \u201cFlautop\u00eda\u201d (m\u00e8tode per a l&#8217;estudi elemental de la flauta), \u201cM\u00e9todo Creativo para Tromb\u00f3n\u201d, \u201cEl Llibre de Solfa\u201d \u201cSolfa.musica.es\u201d i \u201cCuadernos de M\u00fasica\u201d, entre uns altres. A m\u00e9s d&#8217;a\u00e7\u00f2 ha sigut l&#8217;autora del pasdoble \u201cFemme For\u00e7a\u201d que va ser estrenat per la Banda de Dones de la FSMCV.<\/p>\n<p><img fetchpriority=\"high\" decoding=\"async\" class=\"aligncenter size-large wp-image-7692\" src=\"https:\/\/fsmcv.org\/BTnet-storage\/wp-uploads\/2018\/01\/Mercedes-Femenia-683x1024.jpg\" alt=\"\" width=\"683\" height=\"1024\" title=\"\"><\/p>\n","protected":false},"excerpt":{"rendered":"<p>Professora superior de flauta, harmonia, contrapunt i composici\u00f3, compta amb una dilata experi\u00e8ncia com a directora en nombroses bandes de Societats Musicals de la Comunitat Valenciana i cert\u00e0mens musicals, entre uns altres.<\/p>\n","protected":false},"author":2,"featured_media":0,"comment_status":"closed","ping_status":"closed","sticky":false,"template":"","format":"standard","meta":{"footnotes":""},"categories":[42],"tags":[],"class_list":["post-7691","post","type-post","status-publish","format-standard","hentry","category-banda-sinfonica-de-dones"],"_links":{"self":[{"href":"https:\/\/fsmcv.org\/vl\/wp-json\/wp\/v2\/posts\/7691","targetHints":{"allow":["GET"]}}],"collection":[{"href":"https:\/\/fsmcv.org\/vl\/wp-json\/wp\/v2\/posts"}],"about":[{"href":"https:\/\/fsmcv.org\/vl\/wp-json\/wp\/v2\/types\/post"}],"author":[{"embeddable":true,"href":"https:\/\/fsmcv.org\/vl\/wp-json\/wp\/v2\/users\/2"}],"replies":[{"embeddable":true,"href":"https:\/\/fsmcv.org\/vl\/wp-json\/wp\/v2\/comments?post=7691"}],"version-history":[{"count":0,"href":"https:\/\/fsmcv.org\/vl\/wp-json\/wp\/v2\/posts\/7691\/revisions"}],"wp:attachment":[{"href":"https:\/\/fsmcv.org\/vl\/wp-json\/wp\/v2\/media?parent=7691"}],"wp:term":[{"taxonomy":"category","embeddable":true,"href":"https:\/\/fsmcv.org\/vl\/wp-json\/wp\/v2\/categories?post=7691"},{"taxonomy":"post_tag","embeddable":true,"href":"https:\/\/fsmcv.org\/vl\/wp-json\/wp\/v2\/tags?post=7691"}],"curies":[{"name":"wp","href":"https:\/\/api.w.org\/{rel}","templated":true}]}}