{"id":7804,"date":"2018-02-20T12:11:56","date_gmt":"2018-02-20T11:11:56","guid":{"rendered":"https:\/\/fsmcv.org\/?post_type=fsmcv-noticias&#038;p=7804"},"modified":"2021-03-29T18:09:02","modified_gmt":"2021-03-29T16:09:02","slug":"abierto-inscripcion-campana-conciertos-intercambios-musicales","status":"publish","type":"post","link":"https:\/\/fsmcv.org\/vl\/certamens\/abierto-inscripcion-campana-conciertos-intercambios-musicales\/","title":{"rendered":"Obert el termini d&#8217;inscripci\u00f3 per a la XV Campanya de concerts d&#8217;intercanvis musicals"},"content":{"rendered":"<div style=\"text-align: right; padding-bottom: 10px;\"><a href=\"https:\/\/fsmcv.org\/BTnet-storage\/wp-uploads\/2018\/03\/Bases-Intercambios-2018-VAL.pdf\" target=\"_blank\" rel=\"noopener noreferrer\"><img decoding=\"async\" style=\"display: initial;\" src=\"https:\/\/fsmcv.org\/BTnet-storage\/wp-uploads\/2018\/03\/base.png\" alt=\"\" title=\"\"><\/a> <a href=\"https:\/\/fsmcv.org\/BTnet-storage\/wp-uploads\/2018\/02\/FAQs-Val.pdf\" target=\"_blank\" rel=\"noopener noreferrer\"><img decoding=\"async\" style=\"display: initial;\" src=\"https:\/\/fsmcv.org\/BTnet-storage\/wp-uploads\/2018\/03\/preguntes-frequents.png\" alt=\"\" title=\"\"><\/a><\/div>\n<p><em><strong>Actualitzaci\u00f3: El termini d&#8217;inscripcions s&#8217;amplia fins al 26 de mar\u00e7 de 2018 a les 10h.<\/strong> <\/em><\/p>\n<hr \/>\n<p>El programa d&#8217;Intercanvis Musicals creat per la Federaci\u00f3 de Societats Musicals de la Comunitat Valenciana (FSMCV) compleix la seua quinzena edici\u00f3 amb el repte de superar la hist\u00f2rica campanya de 2017, en la qual per primera vegada van participar totes les federacions relacionades amb la m\u00fasica i la cultura popular de la Comunitat Valenciana i en la qual, durant 5 mesos, m\u00e9s de 26.000 m\u00fasics van oferir 728 concerts als quals van acudir m\u00e9s de 182.000 espectadors.<\/p>\n<p>Aquesta edici\u00f3, que torna a comptar amb la participaci\u00f3 de la Federaci\u00f3 de Societats Musicals de la Comunitat Valenciana (FSMCV), la Federaci\u00f3 de Cors de la CV (FECOCOVA), la Federaci\u00f3 de Folklore de la CV (FFCV) i la Federaci\u00f3 Valenciana de Dol\u00e7ainers i Tabaleters (FVDiT) estar\u00e0 marcada pels actes de celebraci\u00f3 del 50 aniversari de la FSMCV.<\/p>\n<p>Aix\u00ed, mentre les actuacions de les entitats adherides a FECOCOVA, FFCV i FVDiT seguiran unes pautes similars a les del passat any, la FSMCV centrar\u00e0 tota l&#8217;activitat de la campanya en tres esdeveniments multitudinaris a Castell\u00f3, Alacant i Val\u00e8ncia.<\/p>\n<p>En aquests tres esdeveniments s&#8217;intentaran superar 18 R\u00e8cords Guinness i aconseguir una repercussi\u00f3 mundial de les activitats de les Societats Musicals de la Comunitat Valenciana.<\/p>\n<p>Les Societats Musicals que desitgen participar a aquesta campanya hauran d&#8217;inscriure&#8217;s en almenys dos dels intercanvis previstos, sent necessari justificar la no assist\u00e8ncia a l&#8217;acte de Mestalla sobre la base dels motius que s&#8217;indiquen en les bases adjuntes.<\/p>\n<p>Les activitats i dates de la campanya s\u00f3n les seg\u00fcents:<\/p>\n<p><strong>Homenatge a les Escoles de M\u00fasica<\/strong> (assist\u00e8ncia a una de les dues dates)<\/p>\n<p>&#8211; Pla\u00e7a de bous de Castell\u00f3: dia 21 d&#8217;abril de 2018 de 18:00 a 22:30 hr<\/p>\n<p>&#8211; Plaza de bous d&#8217;Alacant: dia 12 de maig de 2018 de 18:00 a 22:30 hr<\/p>\n<p><strong>Homenatge a les Societats Musicals de la Comunitat Valenciana<\/strong><\/p>\n<p>&#8211; Estadi de futbol de Mestalla (VCF), 26 de maig de 21:30 a 23:00 hr i <strong>Desfilada de Bandes de M\u00fasica<\/strong> que es realitzar\u00e0 pr\u00e8viament a l&#8217;acte de Mestalla des de diferents punts de la ciutat de Val\u00e8ncia, 26 de maig, de 19:00 a 20:00 h.<\/p>\n<p>El termini d&#8217;inscripci\u00f3 per a les Societats Musicals s&#8217;inicia el 7 de febrer i finalitza l&#8217;<del>11 de mar\u00e7 de 2018<\/del> el 26 de mar\u00e7 de 2018 a les 10 hores. M\u00e9s endavant s&#8217;informar\u00e0 dels terminis d&#8217;inscripci\u00f3 per a la resta de federacions.<\/p>\n<p>Tots els participants de la campanya rebran un certificat que els acreditar\u00e0 com a posse\u00efdors dels R\u00e8cords Guinness que es pretenen batre en els diferents actes als quals assistisquen.<\/p>\n<p>En cas de dubte o suggeriment, pots enviar un email a <a href=\"mailto:interca@fsmcv.org\" target=\"_blank\" rel=\"noopener noreferrer\">interca@fsmcv.org<\/a>\u00a0o cridar al 963531943<\/p>\n<h3>Documentaci\u00f3<\/h3>\n<hr \/>\n<p><a href=\"https:\/\/fsmcv.org\/BTnet-storage\/wp-uploads\/2018\/03\/Bases-Intercambios-2018-VAL.pdf\" target=\"_blank\" rel=\"noopener noreferrer\">Bases Intercanvis Musicals FSMCV 2018 [PDF]<\/a><\/p>\n<p><a href=\"https:\/\/fsmcv.org\/BTnet-storage\/wp-uploads\/2018\/02\/Autorizacio\u0301n-salida-y-derechos-de-imagen.pdf\" target=\"_blank\" rel=\"noopener noreferrer\">Autoritzaci\u00f3 per a l&#8217;eixida i drets d&#8217;imatge [PDF]<\/a><\/p>\n<p><a href=\"https:\/\/fsmcv.org\/BTnet-storage\/wp-uploads\/2018\/02\/FAQs-Val.pdf\" target=\"_blank\" rel=\"noopener noreferrer\">Preguntes freq\u00fcents [PDF]<\/a><\/p>\n","protected":false},"excerpt":{"rendered":"<p>Fins al pr\u00f2xim 26 de mar\u00e7, s&#8217;obri el termini d&#8217;inscripci\u00f3 a les Societats Musicals per a participar en una campanya que, amb motiu del 50 aniversari de la FSMCV,  pret\u00e9n superar 18 R\u00e8cords Mundials.<\/p>\n<div style=\"text-align:right;\"><a href=\"https:\/\/fsmcv.org\/BTnet-storage\/wp-uploads\/2018\/03\/Bases-Intercambios-2018-VAL.pdf\" target=\"_blank\" rel=\"noopener noreferrer\"><img decoding=\"async\" src=\"https:\/\/fsmcv.org\/BTnet-storage\/wp-uploads\/2018\/03\/base.png\"><\/a> <a href=\"https:\/\/fsmcv.org\/BTnet-storage\/wp-uploads\/2018\/02\/FAQs-Val.pdf\" target=\"_blank\" rel=\"noopener noreferrer\"><img decoding=\"async\" src=\"https:\/\/fsmcv.org\/BTnet-storage\/wp-uploads\/2018\/03\/preguntes-frequents.png\"><\/a><\/div>\n","protected":false},"author":2,"featured_media":0,"comment_status":"closed","ping_status":"closed","sticky":false,"template":"","format":"standard","meta":{"footnotes":""},"categories":[1],"tags":[],"class_list":["post-7804","post","type-post","status-publish","format-standard","hentry","category-certamenes"],"_links":{"self":[{"href":"https:\/\/fsmcv.org\/vl\/wp-json\/wp\/v2\/posts\/7804","targetHints":{"allow":["GET"]}}],"collection":[{"href":"https:\/\/fsmcv.org\/vl\/wp-json\/wp\/v2\/posts"}],"about":[{"href":"https:\/\/fsmcv.org\/vl\/wp-json\/wp\/v2\/types\/post"}],"author":[{"embeddable":true,"href":"https:\/\/fsmcv.org\/vl\/wp-json\/wp\/v2\/users\/2"}],"replies":[{"embeddable":true,"href":"https:\/\/fsmcv.org\/vl\/wp-json\/wp\/v2\/comments?post=7804"}],"version-history":[{"count":0,"href":"https:\/\/fsmcv.org\/vl\/wp-json\/wp\/v2\/posts\/7804\/revisions"}],"wp:attachment":[{"href":"https:\/\/fsmcv.org\/vl\/wp-json\/wp\/v2\/media?parent=7804"}],"wp:term":[{"taxonomy":"category","embeddable":true,"href":"https:\/\/fsmcv.org\/vl\/wp-json\/wp\/v2\/categories?post=7804"},{"taxonomy":"post_tag","embeddable":true,"href":"https:\/\/fsmcv.org\/vl\/wp-json\/wp\/v2\/tags?post=7804"}],"curies":[{"name":"wp","href":"https:\/\/api.w.org\/{rel}","templated":true}]}}