{"id":7855,"date":"2018-02-13T12:39:11","date_gmt":"2018-02-13T11:39:11","guid":{"rendered":"https:\/\/fsmcv.org\/?post_type=fsmcv-noticias&#038;p=7855"},"modified":"2021-03-29T18:13:16","modified_gmt":"2021-03-29T16:13:16","slug":"tot-preparat-per-al-ii-concurs-bankia-dorquestres-de-la-comunitat-valenciana","status":"publish","type":"post","link":"https:\/\/fsmcv.org\/vl\/noticies-campanyes\/concurs-caixabank-dorquestres-de-la-comunitat-valenciana\/tot-preparat-per-al-ii-concurs-bankia-dorquestres-de-la-comunitat-valenciana\/","title":{"rendered":"Tot preparat per al II Concurs Bankia d&#8217;Orquestres de la Comunitat Valenciana"},"content":{"rendered":"<p>Ja es coneix el programa complet del II Concurs Bankia d&#8217;Orquestres de la Comunitat Valenciana que tindr\u00e0 lloc el pr\u00f2xim 25 de febrer a l&#8217;Auditori del Palau de Les Arts. El concurs est\u00e0 organitzat per l&#8217;Institut Valenci\u00e0 de Cultura, en col\u00b7laboraci\u00f3 amb la Federaci\u00f3 de Societats Musicals de la Comunitat Valenciana i el patrocini de Bankia.<\/p>\n<p>Les 4 orquestres participants en aquesta edici\u00f3 s\u00f3n, en la <strong>categoria Salvador Giner<\/strong> per a grups d&#8217;entre 30 i 50 m\u00fasics, l&#8217;<em>Orquestra Simf\u00f2nica &#8216;L&#8217;Artesana&#8217; de la Societat Musical &#8216;L&#8217;Artesana&#8217; de Catarroja<\/em> i l&#8217;<em>Orquestra Simf\u00f2nica de la Societat Musical &#8216;L&#8217;Art\u00edstica&#8217; de Bunyol<\/em>. Els concerts d&#8217;aquesta categoria es realitzaran el diumenge a partir de les 11h.<\/p>\n<p>A la vesprada, a partir de les 17h. ser\u00e0 el torn de les orquestres entre 51 i 70 m\u00fasics, que participaran en la <strong>categoria Mart\u00edn i Soler<\/strong>. Enguany les orquestres participants seran l&#8217;<em>Orquestra Simf\u00f2nica &#8216;Vila de Sant Joan&#8217; de la Societat Musical &#8216;La Paz&#8217; de Sant Joan<\/em> i la <em>Jove Orquestra de la Uni\u00f3 Musical d&#8217;Alaqu\u00e0s<\/em>.<\/p>\n<p>El Comit\u00e8 organitzador tamb\u00e9 ha confirmat el jurat del concurs, que estar\u00e0 forma pel director Crist\u00f3bal Soler com a president, i per Amparo Edo, sotsdirectora del Departament de Composici\u00f3 i Producci\u00f3 Contempor\u00e0nia en el Berklee College of Music , i Jos\u00e9 Sanch\u00eds, director art\u00edstic i musical de l&#8217;Orquestra Simf\u00f2nica de Bankia, de l&#8217;Orquestra Simf\u00f2nica de la Universitat Complutense de Madrid i secretari d&#8217;AESDO.<\/p>\n<p>El passat any, els guanyadors de la primera edici\u00f3 van ser l&#8217;Orquestra Simf\u00f2nica de la Societat Musical \u2018La Primitiva\u2019 de Rafelbunyol en la categoria Salvador Giner, i en la categoria Mart\u00edn i Soler, la Societat Musical Santa Cecilia de Cullera.<\/p>\n<p>L&#8217;ordre i programa d&#8217;actuaci\u00f3 ser\u00e0 el seg\u00fcent:<\/p>\n<h3>Categoria Salvador Giner<br \/>\nA partir de les 11.00 h.<\/h3>\n<p><strong>Orquestra Simf\u00f2nica de la Societat Musical L&#8217;Artesana de Catarroja<br \/>\n<\/strong>Director: Ximo Arias Botias<\/p>\n<p><strong>&#8220;Simfonia n\u00fam. 1 en Do major Op.21&#8221;, L. V. Beethoven<\/strong><br \/>\nAdagio Molot. Allegro con brio<br \/>\nAndante cantabile con moto<br \/>\nMenuetto. Allegro molto e vivace<br \/>\nAdagio. Allegro molto e vivace<\/p>\n<p><strong>&#8220;La meua p\u00e0tria&#8221;, B. Smetana<\/strong><br \/>\nEl Moldava<\/p>\n<hr \/>\n<p><strong>Orquestra Simf\u00f2nica de la S.M. &#8216;La Art\u00edstica&#8217; de Bunyol<br \/>\n<\/strong>Director: Henrie Adams<\/p>\n<p><strong>&#8220;Divertimento&#8221;, Manuel Palau Boix<\/strong><br \/>\nObertura<br \/>\nSiciliana<br \/>\nRigod\u00f3n<br \/>\nPavana<br \/>\nGiga<\/p>\n<p><strong>&#8220;Simfonia n\u00fam. 3 en Re major&#8221;, Juan Cris\u00f3stomo Arriaga<\/strong><br \/>\nAndante<br \/>\nMenuetto. Allegro<br \/>\nAllegro con moto<\/p>\n<h3>Categoria Mart\u00edn i Soler<br \/>\nA partir de les 17:00 h.<\/h3>\n<p><strong>Jove Orquestra de la Uni\u00f3 Musical d&#8217;Alaqu\u00e0s<br \/>\nDirector: Enric Parre\u00f1o Moratalla<\/strong><\/p>\n<p><strong>&#8220;Simfonia n\u00fam. 3 en Re menor D 200&#8221;. F. Schubert<\/strong><br \/>\nAdagio maestoso<br \/>\nAllegretto<br \/>\nMinuetto. Vivace<br \/>\nPresto vivace<\/p>\n<p><strong>Cocor\u00ed o la Rosa y el Ni\u00f1o (Suite n\u00fam 1). Andr\u00e9s Soto<\/strong><br \/>\nUna pregunta sale a rodar tierras<br \/>\nCocor\u00ed encuentra una canci\u00f3n<br \/>\nLa ni\u00f1a y su rosa<br \/>\nDo\u00f1a Modorra sabe muchas cosas<br \/>\nEn el barco viene una rosa<br \/>\nSus edades son horas en un d\u00eda<\/p>\n<hr \/>\n<p><strong>Orquestra Simf\u00f2nica &#8216;Vila de Sant Joan&#8217; de la Societat Musical &#8216;La Pau&#8217; de Sant Joan<br \/>\n<\/strong>Director : Joan A. Espinosa Zaragoza<strong><br \/>\n<\/strong><\/p>\n<p><strong>Simfonia n.\u00ba 7 D 759 &#8216;Incompleta&#8217;, F. Schubert<\/strong><br \/>\nAllegro moderao<br \/>\nAndante con moto<\/p>\n<p><strong>Concert per a piano n\u00fam 5, Op. 73 en Mi b, L.v. Beethoven<\/strong><br \/>\nAllegro<br \/>\nAdagio un poco mosso<br \/>\nRondo. Allegro ma non troppo<\/p>\n<p>Piano: Juan Jos\u00e9 P\u00e9rez Torrecilla<\/p>\n","protected":false},"excerpt":{"rendered":"<p>Ja es coneix el programa complet del II Concurs Bankia d&#8217;Orquestres de la Comunitat Valenciana que tindr\u00e0 lloc el pr\u00f2xim 25 de febrer a l&#8217;Auditori del Palau de Les Arts. <\/p>\n","protected":false},"author":2,"featured_media":0,"comment_status":"closed","ping_status":"closed","sticky":false,"template":"","format":"standard","meta":{"footnotes":""},"categories":[31],"tags":[],"class_list":["post-7855","post","type-post","status-publish","format-standard","hentry","category-concurs-caixabank-dorquestres-de-la-comunitat-valenciana"],"_links":{"self":[{"href":"https:\/\/fsmcv.org\/vl\/wp-json\/wp\/v2\/posts\/7855","targetHints":{"allow":["GET"]}}],"collection":[{"href":"https:\/\/fsmcv.org\/vl\/wp-json\/wp\/v2\/posts"}],"about":[{"href":"https:\/\/fsmcv.org\/vl\/wp-json\/wp\/v2\/types\/post"}],"author":[{"embeddable":true,"href":"https:\/\/fsmcv.org\/vl\/wp-json\/wp\/v2\/users\/2"}],"replies":[{"embeddable":true,"href":"https:\/\/fsmcv.org\/vl\/wp-json\/wp\/v2\/comments?post=7855"}],"version-history":[{"count":0,"href":"https:\/\/fsmcv.org\/vl\/wp-json\/wp\/v2\/posts\/7855\/revisions"}],"wp:attachment":[{"href":"https:\/\/fsmcv.org\/vl\/wp-json\/wp\/v2\/media?parent=7855"}],"wp:term":[{"taxonomy":"category","embeddable":true,"href":"https:\/\/fsmcv.org\/vl\/wp-json\/wp\/v2\/categories?post=7855"},{"taxonomy":"post_tag","embeddable":true,"href":"https:\/\/fsmcv.org\/vl\/wp-json\/wp\/v2\/tags?post=7855"}],"curies":[{"name":"wp","href":"https:\/\/api.w.org\/{rel}","templated":true}]}}