{"id":7874,"date":"2018-02-13T15:55:38","date_gmt":"2018-02-13T14:55:38","guid":{"rendered":"https:\/\/fsmcv.org\/?post_type=fsmcv-noticias&#038;p=7874"},"modified":"2021-09-30T11:51:24","modified_gmt":"2021-09-30T09:51:24","slug":"fsmcv-celebra-20-anos-programa-actividades-comarcales-fomentando-musica-comarcas-comunitat-valenciana","status":"publish","type":"post","link":"https:\/\/fsmcv.org\/vl\/certamens\/fsmcv-celebra-20-anos-programa-actividades-comarcales-fomentando-musica-comarcas-comunitat-valenciana\/","title":{"rendered":"La FSMCV celebra 20 anys del programa \u201cActivitats comarcals\u201d fomentant la m\u00fasica en totes les comarques de la Comunitat Valenciana"},"content":{"rendered":"<p><iframe src=\"https:\/\/www.youtube.com\/embed\/J0umt8deuh4?rel=0\" width=\"560\" height=\"315\" frameborder=\"0\" allowfullscreen=\"allowfullscreen\"><\/iframe><\/p>\n<p>La Federaci\u00f3 de Societats Musicals de la Comunitat Valenciana (FSMCV) ha engegat la Campanya d&#8217;Activitats Comarcals per a 2018, que enguany arriba a la seua 20ena edici\u00f3.<\/p>\n<p>L&#8217;objectiu d&#8217;aquesta iniciativa, que es va iniciar al 1998, \u00e9s fomentar la participaci\u00f3, incrementar el nivell formatiu de les estructures de gesti\u00f3, la conviv\u00e8ncia i la interrelaci\u00f3 entre les Societats Musicals d&#8217;una mateixa comarca.<\/p>\n<blockquote><p>\u201cLa FSMCV pret\u00e9n amb aquesta gran campanya que organitzem anualment que les 30 comarques en les quals est\u00e0 estructurada la Federaci\u00f3 programen activitats que ajuden a dinamitzar i cohesionar el col\u00b7lectiu de les societats musicals, al mateix temps que compartir les activitats i valors d&#8217;aquestes amb la resta de la societat\u201d, ha afirmat Pedro Rodr\u00edguez, president de la FSMCV.<\/p><\/blockquote>\n<p>En aquest programa es comptar\u00e0 amb la participaci\u00f3 de les societats musicals federades a trav\u00e9s dels seus diferents grups art\u00edstics (bandes simf\u00f2niques, bandes juvenils, orquestres, etc.) i es preveu el desenvolupament d&#8217;activitats com a trobades de bandes, concerts, festivals o jornades de gesti\u00f3 cultural, entre unes altres.<\/p>\n<blockquote><p>\u201cEl ventall \u00e9s molt ampli i cadascuna de les comarques \u00e9s la que defineix el tipus d&#8217;activitat que desitja desenvolupar d&#8217;acord amb la seua idiosincr\u00e0sia\u201d, ha declarat Pedro Rodr\u00edguez.<\/p><\/blockquote>\n<h3>Campa\u00f1a activitats comarcals 2017<\/h3>\n<p>La campanya d&#8217;activitats comarcals de 2017 es va caracteritzar per una \u00e0mplia varietat en la tipologia de les activitats desenvolupades aix\u00ed com pel gran acolliment que van tindre i que van mostrar com les SSMM s\u00f3n un exemple de la cohesi\u00f3 territorial que, en aquest cas, des de la FSMCV es desenvolupa a trav\u00e9s de la m\u00fasica.<\/p>\n<p>La campanya va comptar amb la participaci\u00f3 de 393 SSMM, 10.331 m\u00fasics, 2.750 alumnes de les Escoles de M\u00fasica i 222.365 espectadors.<\/p>\n<p>Pel que es refereix a les xifres per prov\u00edncies, a Castell\u00f3 van participar 56 SSMM, 414 m\u00fasics, 146 alumnes, 635 espectadors. En el cas d&#8217;Alacant, van formar part 111 SSMM, 1.770 m\u00fasics, 607 alumnes, 11.350 espectadors. Finalment, per part de la prov\u00edncia de Val\u00e8ncia van intervenir 209 SSMM, 8147 m\u00fasics, 1.944 alumnes i 210.380 espectadors.<\/p>\n<p>Algunes de les activitats desenvolupades durant l&#8217;\u00faltima campanya van ser activitats d&#8217;interpretaci\u00f3 de car\u00e0cter no competitiu (festivals de m\u00fasica en els quals van participar diverses bandes, agrupacions corals, jazz o trobades entre Escoles de M\u00fasica, per exemple), jornades de diferent tipologia, gales i concursos, entre unes altres.<\/p>\n<p>A m\u00e9s, dins d&#8217;aquesta campanya d&#8217;activitats comarcals es van contemplar projectes d&#8217;\u00e0mbit intercomarcal i provincial.<\/p>\n","protected":false},"excerpt":{"rendered":"<p>M\u00e9s de 222.000 ciutadans van participar en 2017 d&#8217;un ampli ventall d&#8217;activitats que van des de trobades de bandes, concerts, seminaris, jornades de gesti\u00f3 cultural i altres iniciatives organitzades per les Societats Musicals.<\/p>\n","protected":false},"author":2,"featured_media":0,"comment_status":"closed","ping_status":"closed","sticky":false,"template":"","format":"standard","meta":{"footnotes":""},"categories":[1],"tags":[],"class_list":["post-7874","post","type-post","status-publish","format-standard","hentry","category-certamenes"],"_links":{"self":[{"href":"https:\/\/fsmcv.org\/vl\/wp-json\/wp\/v2\/posts\/7874","targetHints":{"allow":["GET"]}}],"collection":[{"href":"https:\/\/fsmcv.org\/vl\/wp-json\/wp\/v2\/posts"}],"about":[{"href":"https:\/\/fsmcv.org\/vl\/wp-json\/wp\/v2\/types\/post"}],"author":[{"embeddable":true,"href":"https:\/\/fsmcv.org\/vl\/wp-json\/wp\/v2\/users\/2"}],"replies":[{"embeddable":true,"href":"https:\/\/fsmcv.org\/vl\/wp-json\/wp\/v2\/comments?post=7874"}],"version-history":[{"count":0,"href":"https:\/\/fsmcv.org\/vl\/wp-json\/wp\/v2\/posts\/7874\/revisions"}],"wp:attachment":[{"href":"https:\/\/fsmcv.org\/vl\/wp-json\/wp\/v2\/media?parent=7874"}],"wp:term":[{"taxonomy":"category","embeddable":true,"href":"https:\/\/fsmcv.org\/vl\/wp-json\/wp\/v2\/categories?post=7874"},{"taxonomy":"post_tag","embeddable":true,"href":"https:\/\/fsmcv.org\/vl\/wp-json\/wp\/v2\/tags?post=7874"}],"curies":[{"name":"wp","href":"https:\/\/api.w.org\/{rel}","templated":true}]}}