{"id":7970,"date":"2018-02-20T16:25:38","date_gmt":"2018-02-20T15:25:38","guid":{"rendered":"https:\/\/fsmcv.org\/?post_type=fsmcv-noticias&#038;p=7970"},"modified":"2021-03-29T18:08:47","modified_gmt":"2021-03-29T16:08:47","slug":"agrupacio-musical-ontinyent-homenatge-enrique-alborch-tarraso-concert-mig-any-fester-2018","status":"publish","type":"post","link":"https:\/\/fsmcv.org\/vl\/societats-musicals\/agrupacio-musical-ontinyent-homenatge-enrique-alborch-tarraso-concert-mig-any-fester-2018\/","title":{"rendered":"L\u2019Agrupaci\u00f3 Musical Ontinyent ret homenatge a Enrique Alborch Tarras\u00f3 al Concert de Mig Any Fester 2018"},"content":{"rendered":"<p>L&#8217;Agrupaci\u00f3 Musical d&#8217;Ontinyent va realitzar el passat diumenge 18 de febrer el Concert del Mig Any Fester 2018 al Teatre Echegaray d\u2019Ontinyent. Com ja \u00e9s habitual en aquest concert, l\u2019Agrupaci\u00f3 va retre homenatge a un compositor de m\u00fasica festera que aquest any va ser Enrique Alborch Tarras\u00f3.<\/p>\n<p>Enrique Alborch, nascut a Castell\u00f3 de Rugat, va dirigir a la banda de l\u2019Agrupaci\u00f3 a la primera part de concert, dirigint exclusivament peces seues. Les marxes mores \u201cSes Bayrak\u201d i \u201cAl\u00edkh-Gasb\u00e0\u201d, les cristianes \u201cSir Driu\u201d i \u201cTerra Nostra\u201d i el pasdoble \u201cAgrupats\u201d van ser les peces interpretades.<\/p>\n<h3>Tres estrenes al Concert<\/h3>\n<p>El concert \u00e9s va completar amb diverses sorpreses, i es que el que hi havia escrit al programa sols era per no donar pistes, ja que despr\u00e9s del pasdoble \u201cSemitas Propius\u201d dirigit pel director titular de l\u2019Agrupaci\u00f3, es van estrenar 3 peces.<\/p>\n<p>La primera estrena va ser \u201cLa llegenda d\u2019en Ragra\u201d, marxa cristiana dedicada a Ramon Gramage, 1er Tro de la Comparsa Creuats i composta pel seu amic Jaume Blai Santonja; tot seguit es va poder escoltar \u201cTughra\u201d, marxa mora de Sa\u00fcl Gomez dedicada a l\u2019ambaixador i abanderat de Moros Marinos.<\/p>\n<p>El concert va seguir amb el pasdoble \u201cCor i Llan\u00e7a\u201d, pe\u00e7a dedicada a Manuel Penades, Capit\u00e0 dels Almog\u00e0vers 2018, i composta per Francisco Valor.<\/p>\n<p>Per a tancar el programa del concert es va poder escoltar la Marxa Mora \u201cMadina Bilyana\u201d del m\u00fasic de l\u2019Agrupaci\u00f3, Xus Gandia, i el pasdoble \u201c20 anys d\u2019Agrupaci\u00f3\u201d, del propi director de la banda.<\/p>\n<p>Cal destacar que en aquesta segona part l\u2019Agrupaci\u00f3 Musical Ontinyent va estar dirigida pels compositors de les peces que es van interpretar.<\/p>\n<h3>Concert d&#8217;acomiadament<\/h3>\n<p>A m\u00e9s de ser un concert ple d\u2019estrenes, fou molt emotiu ja que era l\u2019\u00faltim concert de Juan Daniel Jover Piqueres al capdavant de l\u2019Agrupaci\u00f3 despr\u00e9s de quatre magn\u00edfics anys. El relleu de Juan l\u2019agafar\u00e0 David Pay\u00e1 Gea, jove de Castalla que a partir del mes de mar\u00e7 comen\u00e7ar\u00e0 a treballar conjuntament amb la banda per encetar una nova etapa.<\/p>\n<p>Des de l&#8217;Agrupaci\u00f3 Musical Ontinyent destaquen que: &#8220;Va ser un concert molt bonic d\u2019escoltar ja que intentem innovar dins del possible amb la m\u00fasica festera. I va ser un plaer poder comptar amb tots aquests compositors de renom per poder disfrutar-los dirigint-nos, a m\u00e9s de poder acomiadar al nostre director Juan amb un concert amb tanta assist\u00e8ncia de p\u00fablic&#8221;.<\/p>\n<p><img fetchpriority=\"high\" decoding=\"async\" class=\"aligncenter size-large wp-image-7971\" src=\"https:\/\/fsmcv.org\/BTnet-storage\/wp-uploads\/2018\/02\/David-Paya-Gea-nou-director-AM-ontinyent-1024x683.jpg\" alt=\"\" width=\"1024\" height=\"683\" title=\"\"><\/p>\n<p style=\"text-align: center;\"><em>David Paya Gea, nou director de l&#8217;Agrupaci\u00f3 Musical Ontinyent<\/em><\/p>\n","protected":false},"excerpt":{"rendered":"<p>L&#8217;Agrupaci\u00f3 Musical d&#8217;Ontinyent va realitzar el 18 de febrer el Concert del Mig Any Fester 2018, enguany dedicat a Enrique Alborch Tarras\u00f3. A m\u00e9s, aquest fou l\u2019\u00faltim concert de Juan Daniel Jover Piqueres al capdavant de l\u2019Agrupaci\u00f3, sent David Pay\u00e1 Gea qui agafar\u00e0 el relleu.<\/p>\n","protected":false},"author":2,"featured_media":0,"comment_status":"closed","ping_status":"closed","sticky":false,"template":"","format":"standard","meta":{"footnotes":""},"categories":[56],"tags":[],"class_list":["post-7970","post","type-post","status-publish","format-standard","hentry","category-societats-musicals"],"_links":{"self":[{"href":"https:\/\/fsmcv.org\/vl\/wp-json\/wp\/v2\/posts\/7970","targetHints":{"allow":["GET"]}}],"collection":[{"href":"https:\/\/fsmcv.org\/vl\/wp-json\/wp\/v2\/posts"}],"about":[{"href":"https:\/\/fsmcv.org\/vl\/wp-json\/wp\/v2\/types\/post"}],"author":[{"embeddable":true,"href":"https:\/\/fsmcv.org\/vl\/wp-json\/wp\/v2\/users\/2"}],"replies":[{"embeddable":true,"href":"https:\/\/fsmcv.org\/vl\/wp-json\/wp\/v2\/comments?post=7970"}],"version-history":[{"count":0,"href":"https:\/\/fsmcv.org\/vl\/wp-json\/wp\/v2\/posts\/7970\/revisions"}],"wp:attachment":[{"href":"https:\/\/fsmcv.org\/vl\/wp-json\/wp\/v2\/media?parent=7970"}],"wp:term":[{"taxonomy":"category","embeddable":true,"href":"https:\/\/fsmcv.org\/vl\/wp-json\/wp\/v2\/categories?post=7970"},{"taxonomy":"post_tag","embeddable":true,"href":"https:\/\/fsmcv.org\/vl\/wp-json\/wp\/v2\/tags?post=7970"}],"curies":[{"name":"wp","href":"https:\/\/api.w.org\/{rel}","templated":true}]}}