{"id":7978,"date":"2018-02-21T09:59:47","date_gmt":"2018-02-21T08:59:47","guid":{"rendered":"https:\/\/fsmcv.org\/?post_type=fsmcv-noticias&#038;p=7978"},"modified":"2021-03-29T18:08:17","modified_gmt":"2021-03-29T16:08:17","slug":"concierto-solistas-sium-tavernes-valldigna","status":"publish","type":"post","link":"https:\/\/fsmcv.org\/vl\/societats-musicals\/concierto-solistas-sium-tavernes-valldigna\/","title":{"rendered":"Concert de Solistes de la SIUM de Tavernes de la Valldigna"},"content":{"rendered":"<p>El pr\u00f2xim diumenge 11 de mar\u00e7 la Banda Simf\u00f2nica de la Societat Instructiva Uni\u00f3 Musical de Tavernes de la Valldigna realitzar\u00e0 un concert extraordinari en el qual totes les obres que sonaran tindran a algun solista com a int\u00e8rpret principal.<\/p>\n<p>Tots els solistes que participaran al concert s\u00f3n professors del Centre Autoritzat d&#8217;Ensenyances Art\u00edstiques Professionals De M\u00fasica MESTRE ARNAU de Tavernes de la Valldigna, centre depenent de la Societat Instructiva Uni\u00f3 Musical de Tavernes de la Valldigna amb el qual s&#8217;ha col\u00b7laborat per a organitzar el concert.<\/p>\n<p>La idea d&#8217;aquest concert \u00e9s acostar a la banda simf\u00f2nica als qui s\u00f3n els professors de la majoria dels joves m\u00fasics de la Societat Musical, compartint faristol i experi\u00e8ncies alumnes i professors, i creant una major complicitat entre ells fora de les aules.<\/p>\n<p>El concert tindr\u00e0 lloc a l&#8217;Auditori de la Societat Instructiva Uni\u00f3 Musical el pr\u00f2xim diumenge 11 de mar\u00e7 a les 12 del mat\u00ed amb entrada lliure per a tots els assistents.<\/p>\n<h3>Programa<\/h3>\n<p><b>I PART<\/b><\/p>\n<p>\u2022 Evarist Sansaloni Vila (Tuba)<br \/>\nTUBA CONCERTO &#8211; Edward Gregson<br \/>\n1er moviment<\/p>\n<p>\u2022 Ram\u00f3n Cantus Parets (trompeta)<br \/>\nVARIACIONS SOBRE \u201cEL CARNESTOLTES DE VENEZIA\u201d &#8211; J. B. Arban\/D. Hunsberger<\/p>\n<p>\u2022 Andrea Costa Costa (flauta)<br \/>\nCONCERTO FOR FLUTE &amp; WIND ORCHESTRA &#8211; Mike Mower<br \/>\n3r moviment<\/p>\n<p>\u2022 Jos\u00e9 Castell\u00f3 Juan (saxo alt)<br \/>\nBALLADE FOR SOLO EB ALT SAXOPHONE AND BAND &#8211; Alfred Reed<\/p>\n<p>\u2022 Juan Vicente Llinares Solanes (clarinet), Jos\u00e9 Luis Palomares Pe\u00f1alba (clarinet), Sergio Bueso Climent (clarinet)<br \/>\nCLARINET CONCERTO &#8211; Philip Sparke<br \/>\n1. Giocoso<br \/>\n2. Adagio<br \/>\n3. Molto viu<\/p>\n<p><b>II PART<\/b><\/p>\n<p>\u2022 Josep Crespo Grau (obo\u00e8)<br \/>\nWHITE LIGHT \u2013 Philip Sparke<\/p>\n<p>\u2022 David Esp\u00ed Sanchez (saxo alt)<br \/>\nPEQUE\u00d1A CZARDA \u2013 Pedro Iturralde<\/p>\n<p>\u2022 Salva Vidal Calzada (fagot)<br \/>\nRAGTIME \u2013 Andr\u00e9 Waignein<\/p>\n<p>\u2022 Ram\u00f3n Cantus Parets (trompeta), Fernando Sansaloni Armengol (trompeta)<br \/>\nCONCERT PER A DUES TROMPETES &#8211; A. Vivaldi\/J. Ham<br \/>\n1. Allegro<br \/>\n2. Largo<br \/>\n3. Allegro<\/p>\n<p>\u2022 Jes\u00fas Gasc\u00f3 Clar (Tromb\u00f3), Ignasi Ferrando Altur (Tromb\u00f3), Sergi Mi\u00f1ana Mi\u00f1ana (Tromb\u00f3), Pau Climent Mahiques (Tromb\u00f3)<br \/>\nCARROUSEL &#8211; Ferrer Ferran<br \/>\n(Comic Fantasy for Trombone Quartet and wind Orchestra)<\/p>\n","protected":false},"excerpt":{"rendered":"<p>El diumenge 11 de mar\u00e7 la Banda Simf\u00f2nica de la Societat Instructiva Uni\u00f3 Musical de Tavernes de la Valldigna realitzar\u00e0 un concert extraordinari en el qual totes les obres que sonaran tindran a algun solista com a int\u00e8rpret principal.<\/p>\n","protected":false},"author":2,"featured_media":0,"comment_status":"closed","ping_status":"closed","sticky":false,"template":"","format":"standard","meta":{"footnotes":""},"categories":[56],"tags":[],"class_list":["post-7978","post","type-post","status-publish","format-standard","hentry","category-societats-musicals"],"_links":{"self":[{"href":"https:\/\/fsmcv.org\/vl\/wp-json\/wp\/v2\/posts\/7978","targetHints":{"allow":["GET"]}}],"collection":[{"href":"https:\/\/fsmcv.org\/vl\/wp-json\/wp\/v2\/posts"}],"about":[{"href":"https:\/\/fsmcv.org\/vl\/wp-json\/wp\/v2\/types\/post"}],"author":[{"embeddable":true,"href":"https:\/\/fsmcv.org\/vl\/wp-json\/wp\/v2\/users\/2"}],"replies":[{"embeddable":true,"href":"https:\/\/fsmcv.org\/vl\/wp-json\/wp\/v2\/comments?post=7978"}],"version-history":[{"count":0,"href":"https:\/\/fsmcv.org\/vl\/wp-json\/wp\/v2\/posts\/7978\/revisions"}],"wp:attachment":[{"href":"https:\/\/fsmcv.org\/vl\/wp-json\/wp\/v2\/media?parent=7978"}],"wp:term":[{"taxonomy":"category","embeddable":true,"href":"https:\/\/fsmcv.org\/vl\/wp-json\/wp\/v2\/categories?post=7978"},{"taxonomy":"post_tag","embeddable":true,"href":"https:\/\/fsmcv.org\/vl\/wp-json\/wp\/v2\/tags?post=7978"}],"curies":[{"name":"wp","href":"https:\/\/api.w.org\/{rel}","templated":true}]}}