{"id":7992,"date":"2018-02-21T13:29:52","date_gmt":"2018-02-21T12:29:52","guid":{"rendered":"https:\/\/fsmcv.org\/?post_type=fsmcv-noticias&#038;p=7992"},"modified":"2021-03-29T18:07:57","modified_gmt":"2021-03-29T16:07:57","slug":"associacio-musica-jove-benimaclet-presenta-super-band","status":"publish","type":"post","link":"https:\/\/fsmcv.org\/vl\/societats-musicals\/associacio-musica-jove-benimaclet-presenta-super-band\/","title":{"rendered":"L&#8217;Associaci\u00f3 M\u00fasica Jove de Benimaclet presenta el seu \u00faltim projecte: La Super.Band"},"content":{"rendered":"<p>L&#8217;Associaci\u00f3 M\u00fasica Jove de Benimaclet &#8211; Val\u00e8ncia t\u00e9 el plaer de presentar el seu \u00faltim projecte: La Super.Band<\/p>\n<p>Es tracta d&#8217;un <strong>projecte cooperatiu<\/strong> entre l&#8217;entitat i les Bandes, Societats Musicals, Escoles, Conservatoris, etc. que ho desitgen en el qual pretenen formar una <strong>banda infantil<\/strong> (de 10 a 15 anys) i realitzar dos o tres actes puntuals a l&#8217;any en llocs i\/o esdeveniments emblem\u00e0tics sense entorpir la marxa habitual de les activitats, assajos i concerts de cada entitat, sempre pensant en els m\u00e9s menuts.<\/p>\n<p>Comen\u00e7aran el 17 de mar\u00e7 a les 21:30 participant a l&#8217;Ofrena de les Falles de Val\u00e8ncia amb l&#8217;organitzaci\u00f3 d&#8217;una <strong>Macro.Banda<\/strong> de fins a 200 joves components (tamb\u00e9 s&#8217;admet, \u00f2bviament, l&#8217;ajuda de m\u00e9s majors) amb el doble objectiu que ho passen genial i oferir un bonic espectacle en les Festes Falleres. Hi hauran regals per als participants i un certificat a nivell individual aix\u00ed com tamb\u00e9 per a les entitats col\u00b7laboradores que aporten un m\u00ednim de 5 m\u00fasics.<\/p>\n<p>L&#8217;Associaci\u00f3 ha marcat el termini del 28 de febrer per a inscriure&#8217;s per motius d&#8217;organitzaci\u00f3.<\/p>\n<p>Podeu visitar la web <a href=\"http:\/\/www.lasuper.band\/\" target=\"_blank\" rel=\"noopener noreferrer\">www.lasuper.band<\/a> per a m\u00e9s informaci\u00f3.<\/p>\n","protected":false},"excerpt":{"rendered":"<p>Es tracta d&#8217;un projecte cooperatiu entre l&#8217;entitat i les Bandes, Societats Musicals, Escoles, Conservatoris, etc. que ho desitgen per a formar una banda infantil que realitze 2-3 actes a l&#8217;any. L&#8217;Associaci\u00f3 ha marcat el termini del 28 de febrer per a inscriure&#8217;s per motius d&#8217;organitzaci\u00f3.<\/p>\n","protected":false},"author":2,"featured_media":0,"comment_status":"closed","ping_status":"closed","sticky":false,"template":"","format":"standard","meta":{"footnotes":""},"categories":[56],"tags":[],"class_list":["post-7992","post","type-post","status-publish","format-standard","hentry","category-societats-musicals"],"_links":{"self":[{"href":"https:\/\/fsmcv.org\/vl\/wp-json\/wp\/v2\/posts\/7992","targetHints":{"allow":["GET"]}}],"collection":[{"href":"https:\/\/fsmcv.org\/vl\/wp-json\/wp\/v2\/posts"}],"about":[{"href":"https:\/\/fsmcv.org\/vl\/wp-json\/wp\/v2\/types\/post"}],"author":[{"embeddable":true,"href":"https:\/\/fsmcv.org\/vl\/wp-json\/wp\/v2\/users\/2"}],"replies":[{"embeddable":true,"href":"https:\/\/fsmcv.org\/vl\/wp-json\/wp\/v2\/comments?post=7992"}],"version-history":[{"count":0,"href":"https:\/\/fsmcv.org\/vl\/wp-json\/wp\/v2\/posts\/7992\/revisions"}],"wp:attachment":[{"href":"https:\/\/fsmcv.org\/vl\/wp-json\/wp\/v2\/media?parent=7992"}],"wp:term":[{"taxonomy":"category","embeddable":true,"href":"https:\/\/fsmcv.org\/vl\/wp-json\/wp\/v2\/categories?post=7992"},{"taxonomy":"post_tag","embeddable":true,"href":"https:\/\/fsmcv.org\/vl\/wp-json\/wp\/v2\/tags?post=7992"}],"curies":[{"name":"wp","href":"https:\/\/api.w.org\/{rel}","templated":true}]}}