{"id":7996,"date":"2018-02-21T14:02:22","date_gmt":"2018-02-21T13:02:22","guid":{"rendered":"https:\/\/fsmcv.org\/?post_type=fsmcv-noticias&#038;p=7996"},"modified":"2021-03-29T18:07:44","modified_gmt":"2021-03-29T16:07:44","slug":"abierta-convocatoria-33-certamen-musica-moros-cristianos-elda-2018","status":"publish","type":"post","link":"https:\/\/fsmcv.org\/vl\/societats-musicals\/abierta-convocatoria-33-certamen-musica-moros-cristianos-elda-2018\/","title":{"rendered":"Oberta la convocat\u00f2ria per al 33\u00e9 Certamen de M\u00fasica de Moros i Cristians d&#8217;Elda 2018"},"content":{"rendered":"<p>L&#8217;Ajuntament d&#8217;Elda convoca una nova edici\u00f3 del Certamen de M\u00fasica de Moros i Cristians.<\/p>\n<p>L&#8217;acte est\u00e0 organitzat especialment per a bandes de m\u00fasica que any rere any li han atorgat prestigi i notorietat fins a convertir-ho en el certamen d&#8217;aquestes caracter\u00edstiques amb major repercussi\u00f3 en l&#8217;\u00e0mbit nacional.<\/p>\n<p>Les bandes participants hauran d&#8217;interpretar, per a finalitzar, una obra de lliure elecci\u00f3, a triar, entre Marxa Cristiana o Marxa Mora.<\/p>\n<p>El Certamen se celebrar\u00e0 el pr\u00f2xim 5 de maig al Teatre Castelar. El sorteig previ al certamen ser\u00e0 el 24 de mar\u00e7 a la Casa de Roses, seu de la Junta Central de Comparses, a les 12:00 hores.<\/p>\n<h3>Inscripci\u00f3<\/h3>\n<p>Queda obert el termini d&#8217;admissi\u00f3 d&#8217;inscripcions provisionals de participaci\u00f3 en aquest Certamen, finalitzant el dia 22 de mar\u00e7 de 2018, a les 11 hores.<\/p>\n<p>La inscripci\u00f3 es realitzar\u00e0 a trav\u00e9s de la seu electr\u00f2nica de l&#8217;Ajuntament d&#8217;Elda (<a href=\"https:\/\/eamic.elda.es\" target=\"_blank\" rel=\"noopener noreferrer\">https:\/\/eamic.elda.es<\/a>), mitjan\u00e7ant certificat digital.<\/p>\n<h3>Documentaci\u00f3<\/h3>\n<p><a href=\"https:\/\/fsmcv.org\/BTnet-storage\/wp-uploads\/2018\/02\/BASES-MODIFICADAS-CERTAMEN-ELDA.pdf\" target=\"_blank\" rel=\"noopener noreferrer\">Descarregar les Bases del 33\u00e9 Certamen de M\u00fasica de Moros i Cristians d&#8217;Elda 2018 [PDF]<\/a><\/p>\n","protected":false},"excerpt":{"rendered":"<p>Queda obert el termini d&#8217;admissi\u00f3 d&#8217;inscripcions provisionals de participaci\u00f3 en aquest Certamen, finalitzant el dia 22 de mar\u00e7 de 2018, a les 11 hores.<\/p>\n","protected":false},"author":2,"featured_media":0,"comment_status":"closed","ping_status":"closed","sticky":false,"template":"","format":"standard","meta":{"footnotes":""},"categories":[56],"tags":[],"class_list":["post-7996","post","type-post","status-publish","format-standard","hentry","category-societats-musicals"],"_links":{"self":[{"href":"https:\/\/fsmcv.org\/vl\/wp-json\/wp\/v2\/posts\/7996","targetHints":{"allow":["GET"]}}],"collection":[{"href":"https:\/\/fsmcv.org\/vl\/wp-json\/wp\/v2\/posts"}],"about":[{"href":"https:\/\/fsmcv.org\/vl\/wp-json\/wp\/v2\/types\/post"}],"author":[{"embeddable":true,"href":"https:\/\/fsmcv.org\/vl\/wp-json\/wp\/v2\/users\/2"}],"replies":[{"embeddable":true,"href":"https:\/\/fsmcv.org\/vl\/wp-json\/wp\/v2\/comments?post=7996"}],"version-history":[{"count":0,"href":"https:\/\/fsmcv.org\/vl\/wp-json\/wp\/v2\/posts\/7996\/revisions"}],"wp:attachment":[{"href":"https:\/\/fsmcv.org\/vl\/wp-json\/wp\/v2\/media?parent=7996"}],"wp:term":[{"taxonomy":"category","embeddable":true,"href":"https:\/\/fsmcv.org\/vl\/wp-json\/wp\/v2\/categories?post=7996"},{"taxonomy":"post_tag","embeddable":true,"href":"https:\/\/fsmcv.org\/vl\/wp-json\/wp\/v2\/tags?post=7996"}],"curies":[{"name":"wp","href":"https:\/\/api.w.org\/{rel}","templated":true}]}}