{"id":8023,"date":"2018-02-23T12:08:10","date_gmt":"2018-02-23T11:08:10","guid":{"rendered":"https:\/\/fsmcv.org\/?post_type=fsmcv-noticias&#038;p=8023"},"modified":"2021-03-29T18:02:48","modified_gmt":"2021-03-29T16:02:48","slug":"cicle-bandes-a-les-arts-bandes-seleccionades-temporada-2017-2018","status":"publish","type":"post","link":"https:\/\/fsmcv.org\/vl\/noticies-campanyes\/bandes-a-les-arts\/cicle-bandes-a-les-arts-bandes-seleccionades-temporada-2017-2018\/","title":{"rendered":"El Cicle &#8220;Bandes a Les Arts&#8221; d\u00f3na a con\u00e9ixer les bandes seleccionades per a la temporada 2017-2018"},"content":{"rendered":"<p>El Cicle &#8220;Bandes a Les Arts&#8221; que organitza la Fundaci\u00f3 de la Comunitat Valenciana Palau de Les Arts \u201cReina Sofia\u201d, amb l\u2019assessorament de la FSMCV, ha seleccionat els projectes que formaran part de la present edici\u00f3 2018 i que actuaran al Palau de Les Arts al llarg de la temporada 2017-2018.<\/p>\n<p>Cal destacar l&#8217;alta participaci\u00f3 i l&#8217;excel\u00b7l\u00e8ncia de les propostes presentades, el que ha fet molt dif\u00edcil l&#8217;elecci\u00f3 final de les bandes que protagonitzaran el Cicle. La FSMCV vol agrair a les bandes no seleccionades la seua participaci\u00f3 i felicitar-les per la magn\u00edfica qualitat dels seus projectes, confiant en que puguen dur-los a terme en la pr\u00f2xima edici\u00f3.<\/p>\n<h3>Bandes seleccionades<\/h3>\n<p>La selecci\u00f3 del cicle Bandes a Les Arts queda de la seg\u00fcent manera:<\/p>\n<p><strong>25 de mar\u00e7 de 2018<\/strong><\/p>\n<p>10:00h &#8211; Societat Musical La Lira Castellonera<br \/>\n12:30h &#8211; Associaci\u00f3 Cultural Amics de la M\u00fasica i la Dansa d&#8217;Oriola<\/p>\n<p><strong>15 d&#8217;abril de 2018<\/strong><\/p>\n<p>10:00h &#8211; Societat Musical &#8220;La Paz&#8221; de Sant Joan d&#8217;Alacant<br \/>\n12:30h &#8211; Societat Uni\u00f3 Musical &#8220;L&#8217;Aurora&#8221; d&#8217;Albatera<\/p>\n<p><strong>3 de juny de 2018<\/strong><\/p>\n<p>10:00h &#8211; Ateneu Musical i d&#8217;Ensenyament &#8220;Banda Primitiva&#8221; de Ll\u00edria<br \/>\n12:30h &#8211; Associaci\u00f3 M\u00fasica Jove de Benimaclet<\/p>\n<p>Finalment, el segon concert de cada data tindr\u00e0 lloc a les 12:30 hores i no a les 12 hores com es va anunciar inicialment per motius de log\u00edstica i muntatge de percussi\u00f3 en el canvi de bandes.<\/p>\n<h3>Cicle &#8220;Bandes a Les Arts&#8221;<\/h3>\n<p>El Cicle \u201cBandes a Les Arts\u201d permet la participaci\u00f3 de les societats musicals de la Comunitat Valenciana, de forma habitual i amb tots els drets, a la programaci\u00f3 anual del Palau de Les Arts.<\/p>\n<p>Per a participar, les Societats Musicals interessades havien d\u2019adjuntar un projecte en el qual s&#8217;ha valorat tant la qualitat de la proposta com la integraci\u00f3 del repertori dins de la programaci\u00f3 l\u00edrica de l\u2019auditori, coincidint amb els compositors programats en cartell corresponents a cada data de concert triada.<\/p>\n<p>En la valoraci\u00f3 de les propostes presentades s&#8217;ha tingut en compte, a m\u00e9s de l\u2019esmentada integraci\u00f3 del repertori dins del programa de Les Arts, factors com l\u2019inter\u00e8s musical del repertori complet que es presenta, la innovaci\u00f3 de la proposta o l\u2019aportaci\u00f3 de valors associats a la igualtat de g\u00e8nere, la intergeneracionalitat, l\u2019atenci\u00f3 a la discapacitat o l\u2019atenci\u00f3 a col\u00b7lectius amb risc d\u2019exclusi\u00f3 social.<\/p>\n","protected":false},"excerpt":{"rendered":"<p>Aquestes s\u00f3n les bandes seleccionades per a participar en el Cicle &#8220;Bandes a Les Arts&#8221; de la temporada 2017-2018 organitzat per la Fundaci\u00f3 de la Comunitat Valenciana Palau de Les Arts Reina Sofia, i amb l\u2019assessorament de la FSMCV.<\/p>\n","protected":false},"author":2,"featured_media":0,"comment_status":"closed","ping_status":"closed","sticky":false,"template":"","format":"standard","meta":{"footnotes":""},"categories":[37],"tags":[],"class_list":["post-8023","post","type-post","status-publish","format-standard","hentry","category-bandes-a-les-arts"],"_links":{"self":[{"href":"https:\/\/fsmcv.org\/vl\/wp-json\/wp\/v2\/posts\/8023","targetHints":{"allow":["GET"]}}],"collection":[{"href":"https:\/\/fsmcv.org\/vl\/wp-json\/wp\/v2\/posts"}],"about":[{"href":"https:\/\/fsmcv.org\/vl\/wp-json\/wp\/v2\/types\/post"}],"author":[{"embeddable":true,"href":"https:\/\/fsmcv.org\/vl\/wp-json\/wp\/v2\/users\/2"}],"replies":[{"embeddable":true,"href":"https:\/\/fsmcv.org\/vl\/wp-json\/wp\/v2\/comments?post=8023"}],"version-history":[{"count":0,"href":"https:\/\/fsmcv.org\/vl\/wp-json\/wp\/v2\/posts\/8023\/revisions"}],"wp:attachment":[{"href":"https:\/\/fsmcv.org\/vl\/wp-json\/wp\/v2\/media?parent=8023"}],"wp:term":[{"taxonomy":"category","embeddable":true,"href":"https:\/\/fsmcv.org\/vl\/wp-json\/wp\/v2\/categories?post=8023"},{"taxonomy":"post_tag","embeddable":true,"href":"https:\/\/fsmcv.org\/vl\/wp-json\/wp\/v2\/tags?post=8023"}],"curies":[{"name":"wp","href":"https:\/\/api.w.org\/{rel}","templated":true}]}}