{"id":8035,"date":"2018-02-23T12:47:45","date_gmt":"2018-02-23T11:47:45","guid":{"rendered":"https:\/\/fsmcv.org\/?post_type=fsmcv-noticias&#038;p=8035"},"modified":"2021-03-29T18:02:36","modified_gmt":"2021-03-29T16:02:36","slug":"ii-concurs-orquestres-bankia-arriba-palau-les-arts","status":"publish","type":"post","link":"https:\/\/fsmcv.org\/vl\/noticies-campanyes\/concurs-caixabank-dorquestres-de-la-comunitat-valenciana\/ii-concurs-orquestres-bankia-arriba-palau-les-arts\/","title":{"rendered":"El II Concurs d&#8217;Orquestres Bankia arriba al Palau de Les Arts"},"content":{"rendered":"<p>Aquest Concurs d&#8217;Orquestres Bankia que arriba a la seua segona edici\u00f3 \u00e9s una acci\u00f3 emmarcada en la campanya \u201cBankia Escolta Val\u00e8ncia\u201d de suport a les Societats Musicals de la Comunitat Valenciana i est\u00e0 organitzada per l&#8217;Institut Valenci\u00e0 de Cultura en col\u00b7laboraci\u00f3 amb la FSMCV i compta amb el patrocini de Bankia.<\/p>\n<p>Aquesta \u00e9s una nova iniciativa que va comen\u00e7ar en 2017 i que d\u00f3na un protagonisme fins ara desconegut al moviment orquestral que existeix dins de les societats musicals valencianes.<\/p>\n<p>La seua finalitat \u00e9s promoure i recolzar la interpretaci\u00f3 i la difusi\u00f3 de la m\u00fasica simf\u00f2nica com a part fonamental del patrimoni cultural valenci\u00e0, aix\u00ed com la d&#8217;enfortir l&#8217;entorn associatiu de les societats musicals i les seues orquestres.<\/p>\n<p>La directora adjunta de M\u00fasica i Cultura Popular de l&#8217;IVC, Marga Landete, ha manifestat: \u201c<em>L&#8217;objectiu principal d&#8217;aquest concurs \u00e9s motivar als joves professionals en els seus estudis musicals, sobretot les especialitats de corda, perqu\u00e8 la Comunitat Valenciana d&#8217;ac\u00ed a poc tamb\u00e9 exporte instrumentistes de corda com ja ho fa en les especialitats de vent i metall<\/em>\u201d.<\/p>\n<blockquote><p>&#8220;<em>Ens sentim molt satisfets per la celebraci\u00f3 de la segona edici\u00f3 del Concurs d&#8217;Orquestres Bankia que, un any m\u00e9s, permetr\u00e0 mostrar al p\u00fablic la qualitat de les orquestres de les nostres Societats Musicals i posar en valor les nostres entitats musicals com a clau del patrimoni cultural valenci\u00e0<\/em>&#8220;, ha declarat Pedro Rodr\u00edguez, president de la FSMCV.<\/p><\/blockquote>\n<p>Per la seua banda, Isabel Rubio, coordinadora de la Direcci\u00f3 general de Comunicaci\u00f3 i Relacions Externes de Bankia a la Comunitat Valenciana, ha reconegut que \u201c<em>estem molt satisfets per haver col\u00b7laborat en l&#8217;engegada de la segona edici\u00f3 del concurs, un projecte innovador i ambici\u00f3s que fem conven\u00e7uts de la import\u00e0ncia de potenciar les formacions orquestrals i la qualitat dels nostres m\u00fasics<\/em>&#8220;.<\/p>\n<p>En aquest concurs s&#8217;han establit dues categories: Salvador Giner per a formacions d&#8217;entre 30 i 50 m\u00fasics, i Mart\u00ed i Soler per a orquestres d&#8217;entre 51 i 70 m\u00fasics.<\/p>\n<p>En la categoria Salvador Giner, que comen\u00e7ar\u00e0 a les 11.00 hores, intervindran dues orquestres, l&#8217;Orquestra Simf\u00f2nica de la Societat Musical \u201cL&#8217;Artesana\u201d de Catarroja que interpretar\u00e0 la <em>Simfonia nr.1 en Do major Op.21<\/em> de L.V. Beethoven i <em>La meua P\u00e0tria<\/em>, poema simf\u00f2nic de B. Smetana, dirigida per Ximo Arias. A continuaci\u00f3, l&#8217;Orquestra Simf\u00f2nica de la S. M. \u201cL&#8217;Art\u00edstica\u201d de Bunyol interpretar\u00e0 <em>Divertimento<\/em> de Manuel Palau i la <em>Simfonia nr.3 en Re major<\/em> de Juan Cris\u00f3stomo Arriaga, dirigida per Henrie Adams.<\/p>\n<p>A les 17.00 hores ser\u00e0 el torn de les orquestres de la secci\u00f3 Mart\u00ed i Soler amb la Jove Orquestra de la Uni\u00f3 Musical d&#8217;Alaqu\u00e0s, que interpretar\u00e0 la <em>Simfonia nr. 3 en Re menor<\/em> de F. Schubert, i <em>Cocor\u00ed i el xiquet, Suite nr. 1<\/em> d&#8217;Andr\u00e9s Soto, dirigida per Enric Parre\u00f1o. Per a concloure, l&#8217;Orquestra Simf\u00f2nica Vila de Sant Joan de la S. M. \u201cLa Pau\u201d de Sant Joan d&#8217;Alacant, interpretar\u00e0 la <em>Simfonia nr.7 \u201cIncompleta\u201d<\/em> de Schubert i el <em>Concert per a piano nr.5 op.73<\/em> de L.V. Beethoven, dirigida per Joan A. Espinosa.<\/p>\n<p>El jurat estar\u00e0 format per Crist\u00f3bal Soler Almud\u00e9ver, Amparo Edo i Jos\u00e9 Sanchis. La presentaci\u00f3 del concurs ser\u00e0 a c\u00e0rrec de Laura Grande.<\/p>\n","protected":false},"excerpt":{"rendered":"<p>Els concerts, d&#8217;entrada lliure, seran el diumenge 25 de febrer a l&#8217;Auditori del Palau de Les Arts. Est\u00e0 organitzat per l&#8217;Institut Valenci\u00e0 de Cultura amb la col\u00b7laboraci\u00f3 de la FSMCV i el patrocini de Bankia.<\/p>\n","protected":false},"author":2,"featured_media":0,"comment_status":"closed","ping_status":"closed","sticky":false,"template":"","format":"standard","meta":{"footnotes":""},"categories":[31],"tags":[],"class_list":["post-8035","post","type-post","status-publish","format-standard","hentry","category-concurs-caixabank-dorquestres-de-la-comunitat-valenciana"],"_links":{"self":[{"href":"https:\/\/fsmcv.org\/vl\/wp-json\/wp\/v2\/posts\/8035","targetHints":{"allow":["GET"]}}],"collection":[{"href":"https:\/\/fsmcv.org\/vl\/wp-json\/wp\/v2\/posts"}],"about":[{"href":"https:\/\/fsmcv.org\/vl\/wp-json\/wp\/v2\/types\/post"}],"author":[{"embeddable":true,"href":"https:\/\/fsmcv.org\/vl\/wp-json\/wp\/v2\/users\/2"}],"replies":[{"embeddable":true,"href":"https:\/\/fsmcv.org\/vl\/wp-json\/wp\/v2\/comments?post=8035"}],"version-history":[{"count":0,"href":"https:\/\/fsmcv.org\/vl\/wp-json\/wp\/v2\/posts\/8035\/revisions"}],"wp:attachment":[{"href":"https:\/\/fsmcv.org\/vl\/wp-json\/wp\/v2\/media?parent=8035"}],"wp:term":[{"taxonomy":"category","embeddable":true,"href":"https:\/\/fsmcv.org\/vl\/wp-json\/wp\/v2\/categories?post=8035"},{"taxonomy":"post_tag","embeddable":true,"href":"https:\/\/fsmcv.org\/vl\/wp-json\/wp\/v2\/tags?post=8035"}],"curies":[{"name":"wp","href":"https:\/\/api.w.org\/{rel}","templated":true}]}}