{"id":8299,"date":"2018-03-14T13:53:37","date_gmt":"2018-03-14T12:53:37","guid":{"rendered":"https:\/\/fsmcv.org\/?post_type=fsmcv-noticias&#038;p=8299"},"modified":"2021-09-30T11:28:39","modified_gmt":"2021-09-30T09:28:39","slug":"asociacion-musical-virgen-ermitana-concierto-benefico-creixem","status":"publish","type":"post","link":"https:\/\/fsmcv.org\/vl\/certamens\/asociacion-musical-virgen-ermitana-concierto-benefico-creixem\/","title":{"rendered":"L&#8217;Associaci\u00f3 Musical Verge de la Ermitana dedicar\u00e0 el seu concert ben\u00e8fic al centre CREIXEM"},"content":{"rendered":"<p>L&#8217;Associaci\u00f3 Musical Verge de la Ermitana de Pen\u00edscola iniciar\u00e0 la programaci\u00f3 musical de 2018 amb el concert que destina a una causa solid\u00e0ria. Enguany l&#8217;aposta \u00e9s CREIXEM. Es tracta d&#8217;un centre de desenvolupament infantil format per professionals per a atendre les necessitats de xiquets d&#8217;entre 0 a 16 anys amb trastorns del desenvolupament o risc de patir-los.<\/p>\n<p>Per a l&#8217;ocasi\u00f3 el concert ser\u00e0 oferit per la Banda de M\u00fasica Juvenil de l&#8217;Escola de M\u00fasica Ciutat de Pen\u00edscola i per la Banda de M\u00fasica. Ambdues formacions musicals dedicaran el repertori a la tem\u00e0tica salsa interpretant peces com <em>Fiesta tropical<\/em>, <em>P\u00e9rez Prado<\/em> o <em>Danz\u00f3n n\u00ba 2<\/em>.<\/p>\n<p>La recaptaci\u00f3 s&#8217;oferir\u00e0 \u00edntegrament a CREIXEM. Per a a\u00e7\u00f2 el p\u00fablic major de 12 anys d&#8217;edat abonar\u00e0 5 \u20ac per l&#8217;entrada i els xiquets i xiquetes menors de 12 anys 2 \u20ac.<\/p>\n<p>La cita ser\u00e0 el dia abans de la celebraci\u00f3 del Diumenge de Rams, el dissabte 24 de mar\u00e7 a les 19 hores al Palau de Congressos de Pen\u00edscola.<\/p>\n<h3>Documentaci\u00f3<\/h3>\n<p><a href=\"https:\/\/fsmcv.org\/BTnet-storage\/wp-uploads\/2018\/03\/Progrma-de-concer_imprempta.pdf\" target=\"_blank\" rel=\"noopener noreferrer\">Programa del concert. [PDF]<\/a><\/p>\n","protected":false},"excerpt":{"rendered":"<p>La cita ser\u00e0 el dia abans de la celebraci\u00f3 del Diumenge de Rams, el dissabte 24 de mar\u00e7 a les 19 hores al Palau de Congressos de Pen\u00edscola.<\/p>\n","protected":false},"author":2,"featured_media":0,"comment_status":"closed","ping_status":"closed","sticky":false,"template":"","format":"standard","meta":{"footnotes":""},"categories":[1],"tags":[],"class_list":["post-8299","post","type-post","status-publish","format-standard","hentry","category-certamenes"],"_links":{"self":[{"href":"https:\/\/fsmcv.org\/vl\/wp-json\/wp\/v2\/posts\/8299","targetHints":{"allow":["GET"]}}],"collection":[{"href":"https:\/\/fsmcv.org\/vl\/wp-json\/wp\/v2\/posts"}],"about":[{"href":"https:\/\/fsmcv.org\/vl\/wp-json\/wp\/v2\/types\/post"}],"author":[{"embeddable":true,"href":"https:\/\/fsmcv.org\/vl\/wp-json\/wp\/v2\/users\/2"}],"replies":[{"embeddable":true,"href":"https:\/\/fsmcv.org\/vl\/wp-json\/wp\/v2\/comments?post=8299"}],"version-history":[{"count":0,"href":"https:\/\/fsmcv.org\/vl\/wp-json\/wp\/v2\/posts\/8299\/revisions"}],"wp:attachment":[{"href":"https:\/\/fsmcv.org\/vl\/wp-json\/wp\/v2\/media?parent=8299"}],"wp:term":[{"taxonomy":"category","embeddable":true,"href":"https:\/\/fsmcv.org\/vl\/wp-json\/wp\/v2\/categories?post=8299"},{"taxonomy":"post_tag","embeddable":true,"href":"https:\/\/fsmcv.org\/vl\/wp-json\/wp\/v2\/tags?post=8299"}],"curies":[{"name":"wp","href":"https:\/\/api.w.org\/{rel}","templated":true}]}}