{"id":8368,"date":"2018-03-21T09:07:28","date_gmt":"2018-03-21T08:07:28","guid":{"rendered":"https:\/\/fsmcv.org\/?post_type=fsmcv-noticias&#038;p=8368"},"modified":"2021-03-29T17:34:27","modified_gmt":"2021-03-29T15:34:27","slug":"curso-avanzado-especializacion-orquestal-escola-altos-estudos-musicais-real-filharmonia-galicia","status":"publish","type":"post","link":"https:\/\/fsmcv.org\/vl\/area-educativa-vl\/xarxa-centres-educatius\/curso-avanzado-especializacion-orquestal-escola-altos-estudos-musicais-real-filharmonia-galicia\/","title":{"rendered":"Curs Avan\u00e7at d&#8217;Especialitzaci\u00f3 Orquestral a l&#8217;Escola da Altos Estudos Musicais de la Real Filharmon\u00eda de Gal\u00edcia"},"content":{"rendered":"<p>El curs de postgrau Curs Avan\u00e7at d&#8217;Especialitzaci\u00f3 Orquestral est\u00e0 dirigit a tots aquells estudiants que hagen finalitzat els seus estudis i tinguen com a meta poder formar part d&#8217;una orquestra professional. El curs respon a la cada vegada m\u00e9s exigent realitat professional que comporta una formaci\u00f3 d&#8217;alt nivell. Emparats pels solistes de la Real Filharmon\u00eda de Gal\u00edcia (RFG), els alumnes tenen l&#8217;oportunitat d&#8217;estar en contacte directe i treballant amb m\u00fasics professionals adquirint no solament la complexa t\u00e8cnica i la progressiva formaci\u00f3 d&#8217;uns criteris musicals propis, sin\u00f3 tamb\u00e9 les eines de relaci\u00f3 social i d&#8217;intercanvi d&#8217;idees entre els propis instrumentistes i els directors dels diferents programes.<\/p>\n<p>En virtut d&#8217;un conveni amb el Consorci de Santiago, la Universitat de Santiago reconeix com a t\u00edtol propi els estudis de postgrau del Curs Avan\u00e7at d&#8217;Especialitzaci\u00f3 Orquestral, que condueixen a l&#8217;obtenci\u00f3 del Gran Diploma d&#8217;Especialitzaci\u00f3 Orquestral.<\/p>\n<h3>Calendari\u2028 i inscripci\u00f3<\/h3>\n<p>De l&#8217;1 d&#8217;octubre de 2018 al 30 de juny de 2019.<\/p>\n<p>Les sol\u00b7licituds per a inscriure&#8217;s en el mateix hauran de presentar-se fins al 14 de maig a trav\u00e9s de la <a href=\"http:\/\/dev.eaem.es\/solicitudes\/inscripcion?id=258&amp;sf_culture=es_ES\" target=\"_blank\" rel=\"noopener noreferrer\">p\u00e0gina web de l&#8217;Escola<\/a>.<\/p>\n<h3>Pla d&#8217;estudis per curs acad\u00e8mic<\/h3>\n<p>Els alumnes estaran orientats des del primer moment pels seus respectius tutors, que realitzaran un itinerari formatiu individualitzat i detallat tenint en compte les caracter\u00edstiques especials de cada alumne. Aquesta programaci\u00f3 educativa garantir\u00e0 la formaci\u00f3 de l&#8217;alumne i li permetr\u00e0 obtenir els cr\u00e8dits necessaris per a la seua acreditaci\u00f3 com a especialista. L&#8217;encaix de cada alumne en els programes de l&#8217;orquestra es fixar\u00e0 pel Director, pr\u00e8via deliberaci\u00f3 de la Comissi\u00f3 Educativa.<\/p>\n<p>Amb la finalitat que els alumnes puguen assajar tant de forma individual com a col\u00b7lectiva, l&#8217;EAEM garantir\u00e0 en la seu de l&#8217;escola aules i cabines d&#8217;estudi per a tots.<\/p>\n<p>En ser un curs eminentment pr\u00e0ctic, les assignatures instrumentals tindran una c\u00e0rrega lectiva no presencial superior a la presencial.<\/p>\n<h3>Mat\u00e8ries<\/h3>\n<p><em>A. ESPECIALITZACI\u00d3 INSTRUMENTAL.<\/em><\/p>\n<p>CLASSES INDIVIDUALS\u2028: Cada alumne rebr\u00e0 del seu tutor\/professor, un m\u00ednim de 40 hores de pr\u00e0ctica instrumental personalitzada distribu\u00efdes al llarg del curs acad\u00e8mic.<\/p>\n<p>El departament de trompeta incidir\u00e0 en la pr\u00e0ctica de trompeta natural per al pr\u00f2xim curs.<\/p>\n<p>PROFESSORS VISITANTS. CLASSES MAGISTRALS\u2028: Els alumnes de l&#8217;EAEM rebran classes individuals per part de solistes de rellev\u00e0ncia internacional, b\u00e9 siguen convidats de la RFG o contractats per a l&#8217;efecte.<\/p>\n<p><em>B. PR\u00c0CTIQUES AMB LA RFG \u2028<\/em><\/p>\n<p>Cada alumne, amb la supervisi\u00f3 del seu tutor, s&#8217;incorporar\u00e0 a la RFG participant en un m\u00ednim de set programes per temporada (cicle acad\u00e8mic).<\/p>\n<p><em>C. M\u00daSICA DE CAMBRA I CONJUNT INSTRUMENTAL \u2028<\/em><\/p>\n<p>Tots els alumnes participaran en programes referits a la pr\u00e0ctica de conjunt que es materialitzaran en concerts p\u00fablics al llarg del curs acad\u00e8mic.<\/p>\n<p><em>D. MAT\u00c8RIES TE\u00d2RIQUES<\/em><\/p>\n<p>S&#8217;impartiran continguts te\u00f2ric-pr\u00e0ctics aplicats a la pr\u00e0ctica instrumental, al coneixement del m\u00f3n professional aix\u00ed com a aspectes relacionats amb l&#8217;adquisici\u00f3 d&#8217;una bona disposici\u00f3 ment-cos.<\/p>\n<p><em>I. TREBALL FI DE CURS \u2028<\/em><\/p>\n<p>Per a l&#8217;obtenci\u00f3 del t\u00edtol de postgraduat, els alumnes hauran de realitzar un projecte fi de curs que consistir\u00e0 b\u00e0sicament en la preparaci\u00f3 i interpretaci\u00f3 de concerts p\u00fablics que impliquen una participaci\u00f3 solista destacada, b\u00e9 siga en concerts individuals o de conjunt.<\/p>\n<h3>Documentaci\u00f3<\/h3>\n<p><a href=\"http:\/\/dev.eaem.es\/solicitudes\/inscripcion?id=258&amp;sf_culture=es_ES\" target=\"_blank\" rel=\"noopener noreferrer\">Enlla\u00e7 a la p\u00e0gina d&#8217;inscripci\u00f3.<\/a><\/p>\n<p><a href=\"https:\/\/fsmcv.org\/BTnet-storage\/wp-uploads\/2018\/03\/folleto_cast_w.pdf\" target=\"_blank\" rel=\"noopener noreferrer\">Informaci\u00f3. [PDF]<\/a><\/p>\n<p><a href=\"https:\/\/fsmcv.org\/BTnet-storage\/wp-uploads\/2018\/03\/bases_caeo_18-19cast.pdf\" target=\"_blank\" rel=\"noopener noreferrer\">Bases de la convocat\u00f2ria. [PDF]<\/a><\/p>\n<p><a href=\"https:\/\/fsmcv.org\/BTnet-storage\/wp-uploads\/2018\/03\/obras_trompeta_cast.pdf\" target=\"_blank\" rel=\"noopener noreferrer\">Obres de trompeta. [PDF]<\/a><\/p>\n","protected":false},"excerpt":{"rendered":"<p>L&#8217;Escola ofereix 18 places en les diferents especialitats: 6 per a viol\u00ed, 2 para viola, 2 per a violoncel i 1 per a contrabaix, obo\u00e8, flauta, clarinet, fagot, trompa, trompeta i percussi\u00f3. Inscripcions obertes fins al 14 de maig a trav\u00e9s de la p\u00e0gina web de l&#8217;Escola.<\/p>\n","protected":false},"author":2,"featured_media":0,"comment_status":"closed","ping_status":"closed","sticky":false,"template":"","format":"standard","meta":{"footnotes":""},"categories":[164],"tags":[],"class_list":["post-8368","post","type-post","status-publish","format-standard","hentry","category-xarxa-centres-educatius"],"_links":{"self":[{"href":"https:\/\/fsmcv.org\/vl\/wp-json\/wp\/v2\/posts\/8368","targetHints":{"allow":["GET"]}}],"collection":[{"href":"https:\/\/fsmcv.org\/vl\/wp-json\/wp\/v2\/posts"}],"about":[{"href":"https:\/\/fsmcv.org\/vl\/wp-json\/wp\/v2\/types\/post"}],"author":[{"embeddable":true,"href":"https:\/\/fsmcv.org\/vl\/wp-json\/wp\/v2\/users\/2"}],"replies":[{"embeddable":true,"href":"https:\/\/fsmcv.org\/vl\/wp-json\/wp\/v2\/comments?post=8368"}],"version-history":[{"count":0,"href":"https:\/\/fsmcv.org\/vl\/wp-json\/wp\/v2\/posts\/8368\/revisions"}],"wp:attachment":[{"href":"https:\/\/fsmcv.org\/vl\/wp-json\/wp\/v2\/media?parent=8368"}],"wp:term":[{"taxonomy":"category","embeddable":true,"href":"https:\/\/fsmcv.org\/vl\/wp-json\/wp\/v2\/categories?post=8368"},{"taxonomy":"post_tag","embeddable":true,"href":"https:\/\/fsmcv.org\/vl\/wp-json\/wp\/v2\/tags?post=8368"}],"curies":[{"name":"wp","href":"https:\/\/api.w.org\/{rel}","templated":true}]}}