{"id":8375,"date":"2018-03-21T11:28:19","date_gmt":"2018-03-21T10:28:19","guid":{"rendered":"https:\/\/fsmcv.org\/?post_type=fsmcv-noticias&#038;p=8375"},"modified":"2021-03-29T17:34:16","modified_gmt":"2021-03-29T15:34:16","slug":"marza-ciclo-bandes-les-arts-reforzado-vinculo-cultura-generalitat-fsmcv-les-arts","status":"publish","type":"post","link":"https:\/\/fsmcv.org\/vl\/noticies-campanyes\/bandes-a-les-arts\/marza-ciclo-bandes-les-arts-reforzado-vinculo-cultura-generalitat-fsmcv-les-arts\/","title":{"rendered":"Marz\u00e0: \u201cAmb el cicle \u2018Bandes a Les Arts\u2019 hem refor\u00e7at encara m\u00e9s el vincle entre Cultura de la Generalitat i la FSMCV en un espai emblem\u00e0tic com Les Arts\u201d"},"content":{"rendered":"<p>Les Arts i la Federaci\u00f3 de Societats Musicals de la Comunitat Valenciana (FSMCV) han dut a terme el seu primer projecte art\u00edstic conjunt per al cicle \u2018Bandes a Les Arts\u2019 de 2018.<\/p>\n<p>La proposta sorgeix com a fruit dels compromisos arreplegats en el conveni de col\u00b7laboraci\u00f3 que ambdues entitats van subscriure en 2017. Aquest acord estipulava, entre altres punts, la convocat\u00f2ria d&#8217;un concurs de projectes per a \u2018Bandes a Les Arts\u2019 entre les Societats Musicals i la seua posterior selecci\u00f3 per una comissi\u00f3 mixta integrada per representants de Les Arts i de la FSMCV.<\/p>\n<blockquote><p>Segons el conseller Marz\u00e0, \u201c<em>amb el cicle \u2018Bandes a Les Arts\u2019 hem refor\u00e7at encara m\u00e9s el vincle entre Cultura de la Generalitat i la FSMCV, amb una col\u00b7laboraci\u00f3 m\u00e9s estreta entre un espai emblem\u00e0tic per a la m\u00fasica com Les Arts, i fent que el projecte s&#8217;integre en la programaci\u00f3 d&#8217;aquest espai cada vegada m\u00e9s obert a la societat i atenent a la import\u00e0ncia de les bandes de m\u00fasica en el nostre territori<\/em>\u201d.<\/p><\/blockquote>\n<p>Per primera vegada aquest cicle presenta una oferta musical vinculada als continguts de la temporada de Les Arts. Els programes inclouen propostes al voltant de l&#8217;obra de H\u00e4ndel i Wagner, fragments dels t\u00edtols m\u00e9s c\u00e8lebres de Verdi i Bernstein, juntament amb un recorregut did\u00e0ctic per la hist\u00f2ria de la m\u00fasica.<\/p>\n<p>Els projectes guanyadors s&#8217;acompanyen tamb\u00e9 de posades en escena innovadores, que aglutinen diferents disciplines art\u00edstiques com la m\u00fasica l\u00edrica i coral, el cinema, el teatre i la dansa.<\/p>\n<blockquote><p>\u201c<em>Ens sentim molt satisfets per l&#8217;engegada d&#8217;aquest projecte conjunt amb Les Arts, que ha posat de manifest, una vegada m\u00e9s, la qualitat art\u00edstica de les nostres societats musicals a trav\u00e9s de les propostes presentades i la seua gran contribuci\u00f3 a la m\u00fasica popular valenciana<\/em>\u201d, ha afirmat Pedro Rodr\u00edguez, president de la FSMCV.<\/p><\/blockquote>\n<p>\u2018Bandes a Les Arts 2018\u2019 s&#8217;articular\u00e0 en tres cites dobles (10.00 h i 12.30 h), durant el primer semestre de 2018. Els concerts, que mantenen la seua seu a l&#8217;Auditori, s\u00f3n d&#8217;acc\u00e9s gratu\u00eft mitjan\u00e7ant invitaci\u00f3, que es podr\u00e0 arreplegar a l&#8217;hora d&#8217;obertura de la sala, fins a completar l&#8217;aforament.<\/p>\n<p>D&#8217;aquesta forma, el dia 25 de mar\u00e7, la SM La Lira Castellonera i Amics de la M\u00fasica i la Dansa d&#8217;Oriola inauguraran aquest cicle, i els seguiran, el 15 d&#8217;abril, la SM La Pau de Sant Joan (Alacant) i la Uni\u00f3 Musical L&#8217;Aurora, d&#8217;Albatera. La Primitiva de Ll\u00edria i la SM M\u00fasica Jove de Benimaclet seran les encarregades de clausurar aquesta s\u00e8rie de concerts el 3 de juny.<\/p>\n<p>Per a la primera sessi\u00f3, la Lira Castellonera de Vilanova de Castell\u00f3 proposa un programa al voltant de dues figures imprescindibles en la hist\u00f2ria de la m\u00fasica teatral: Giuseppe Verdi i Leonard Bernstein, dos compositors d&#8217;estils i \u00e8poques diferents, per\u00f2 que van marcar un punt d&#8217;inflexi\u00f3 en el g\u00e8nere, segons indiquen en la seua presentaci\u00f3.<\/p>\n<p>Sota la direcci\u00f3 de Beatriz Fern\u00e1ndez Aucejo, la Lira dedicar\u00e0 la primera part a obertures i temes oper\u00edstics dels grans t\u00edtols del compositor de Busseto, com <em>La forza del destino<\/em>, <em>La Traviata<\/em> o <em>Ernani<\/em>.<\/p>\n<p>Per a la segona part, i amb motiu tamb\u00e9 del centenari del seu naixement, la societat musical far\u00e0 un recorregut per les p\u00e0gines m\u00e9s c\u00e8lebres del geni nord-americ\u00e0, amb les obertures de musicals com <em>Candide<\/em> o <em>West Side Story<\/em>, al costat del segon moviment de la seua primera simfonia, <em>Jeremiah<\/em>, o la seua <em>Divertimento<\/em>.<\/p>\n<p>L&#8217;Associaci\u00f3 Cultural Amics de la M\u00fasica i la Dansa d&#8217;Oriola (ACAMDO) en la seua primera visita a Les Arts presentar\u00e0 a l&#8217;Auditori la Banda Filharm\u00f2nica d&#8217;Oriola, la Coral Ars Armonium i el Cor Veus Blanques ciutat d&#8217;Oriola. La formaci\u00f3 ha escollit a Giuseppe Verdi per al seu debut, amb l&#8217;arranjament de Franco Cesarini de <em>Nabucco<\/em>, i <em>Fantasia da concerto per clarinete y banda sobre tema de Rigoletto<\/em> de Luigi Bassi en el faristol. Despr\u00e9s del descans, el programa se centrar\u00e0 en la m\u00fasica sacra instrumental i vocal amb <em>la Missa Brevis<\/em>, de Jacob de Haan; fragments del <em>R\u00e9quiem<\/em> de Mozart, i peces de Robert Prizeman.<\/p>\n","protected":false},"excerpt":{"rendered":"<p>Per primera vegada aquest cicle presenta una oferta musical vinculada als continguts de la temporada de Les Arts. La Societat Musical La Lira Castellonera i l&#8217;Associaci\u00f3 Amics de la M\u00fasica i la Dansa d&#8217;Oriola inauguren el 25 de mar\u00e7 aquest cicle.<\/p>\n","protected":false},"author":2,"featured_media":0,"comment_status":"closed","ping_status":"closed","sticky":false,"template":"","format":"standard","meta":{"footnotes":""},"categories":[37],"tags":[],"class_list":["post-8375","post","type-post","status-publish","format-standard","hentry","category-bandes-a-les-arts"],"_links":{"self":[{"href":"https:\/\/fsmcv.org\/vl\/wp-json\/wp\/v2\/posts\/8375","targetHints":{"allow":["GET"]}}],"collection":[{"href":"https:\/\/fsmcv.org\/vl\/wp-json\/wp\/v2\/posts"}],"about":[{"href":"https:\/\/fsmcv.org\/vl\/wp-json\/wp\/v2\/types\/post"}],"author":[{"embeddable":true,"href":"https:\/\/fsmcv.org\/vl\/wp-json\/wp\/v2\/users\/2"}],"replies":[{"embeddable":true,"href":"https:\/\/fsmcv.org\/vl\/wp-json\/wp\/v2\/comments?post=8375"}],"version-history":[{"count":0,"href":"https:\/\/fsmcv.org\/vl\/wp-json\/wp\/v2\/posts\/8375\/revisions"}],"wp:attachment":[{"href":"https:\/\/fsmcv.org\/vl\/wp-json\/wp\/v2\/media?parent=8375"}],"wp:term":[{"taxonomy":"category","embeddable":true,"href":"https:\/\/fsmcv.org\/vl\/wp-json\/wp\/v2\/categories?post=8375"},{"taxonomy":"post_tag","embeddable":true,"href":"https:\/\/fsmcv.org\/vl\/wp-json\/wp\/v2\/tags?post=8375"}],"curies":[{"name":"wp","href":"https:\/\/api.w.org\/{rel}","templated":true}]}}