{"id":8378,"date":"2018-03-22T13:54:01","date_gmt":"2018-03-22T12:54:01","guid":{"rendered":"https:\/\/fsmcv.org\/?post_type=fsmcv-noticias&#038;p=8378"},"modified":"2021-09-30T11:27:11","modified_gmt":"2021-09-30T09:27:11","slug":"societat-musical-illa-benidorm-presenta-cd-semana-santa-benidorm-concierto","status":"publish","type":"post","link":"https:\/\/fsmcv.org\/vl\/certamens\/societat-musical-illa-benidorm-presenta-cd-semana-santa-benidorm-concierto\/","title":{"rendered":"La Societat Musical L&#8217;Illa de Benidorm presenta el CD &#8220;Semana Santa en Benidorm&#8221; amb un concert"},"content":{"rendered":"<p>El Sal\u00f3 d&#8217;Actes de l&#8217;Ajuntament de Benidorm acollir\u00e0 el diumenge 25 de mar\u00e7 a partir de les 17:30 hores el concert de presentaci\u00f3 del CD &#8220;Semana Santa en Benidorm&#8221; gravat pels components de la Societat Musical L&#8217;Illa de Benidorm. Aquesta proposta s&#8217;emmarca dins de la XXIII Campa\u00f1a &#8220;M\u00fasica als Pobles&#8221; organitzada per la Diputaci\u00f3 d&#8217;Alacant i dirigida a les societats musicals federades de la prov\u00edncia d&#8217;Alacant.<\/p>\n<p>L&#8217;enregistrament del CD &#8220;Semana Santa en Benidorm&#8221; es porta gestant uns anys juntament amb entitats p\u00fabliques i privades que puguen sustentar el cost del mateix, sent els m\u00fasics que componen la Societat Musical L\u2019Illa de Benidorm els que amb una gran tenacitat, const\u00e0ncia i hores d&#8217;assaig han aconseguit juntament amb el seu director, Felipe Juan Lanuza Morales, culminar aquest projecte que veur\u00e0 la llum en aquest mes de mar\u00e7 de 2018.<\/p>\n<p>\u201cSemana Santa en Benidorm\u201d pret\u00e9n acostar un g\u00e8nere, moltes vegades desconegut al p\u00fablic, que abasta una gran varietat de peces d&#8217;exquisida qualitat. Un recorregut per les marxes aut\u00f2ctones de la nostra ciutat i voltants, marxes que a m\u00e9s d&#8217;incloure&#8217;s en l&#8217;enregistrament del CD, s&#8217;interpretaran al concert de presentaci\u00f3 del CD, el pr\u00f2xim diumenge a l&#8217;Ajuntament de Benidorm.<\/p>\n<h3>Cartell i programa<\/h3>\n<p><img fetchpriority=\"high\" decoding=\"async\" class=\"aligncenter size-full wp-image-8379\" src=\"https:\/\/fsmcv.org\/BTnet-storage\/wp-uploads\/2018\/03\/29512483_10155604840093897_7239326196708671488_n.png\" alt=\"\" width=\"657\" height=\"924\" title=\"\"><\/p>\n<p><img decoding=\"async\" class=\"aligncenter size-full wp-image-8380\" src=\"https:\/\/fsmcv.org\/BTnet-storage\/wp-uploads\/2018\/03\/29513121_10155604840083897_7814529812084555776_n.png\" alt=\"\" width=\"655\" height=\"886\" title=\"\"><\/p>\n","protected":false},"excerpt":{"rendered":"<p>El Sal\u00f3 d&#8217;Actes de l&#8217;Ajuntament de Benidorm acollir\u00e0 el diumenge 25 de mar\u00e7 a partir de les 17:30 hores el concert de presentaci\u00f3 del CD &#8220;Semana Santa en Benidorm&#8221; gravat pels components de la Societat Musical L&#8217;Illa de Benidorm.<\/p>\n","protected":false},"author":2,"featured_media":0,"comment_status":"closed","ping_status":"closed","sticky":false,"template":"","format":"standard","meta":{"footnotes":""},"categories":[1],"tags":[],"class_list":["post-8378","post","type-post","status-publish","format-standard","hentry","category-certamenes"],"_links":{"self":[{"href":"https:\/\/fsmcv.org\/vl\/wp-json\/wp\/v2\/posts\/8378","targetHints":{"allow":["GET"]}}],"collection":[{"href":"https:\/\/fsmcv.org\/vl\/wp-json\/wp\/v2\/posts"}],"about":[{"href":"https:\/\/fsmcv.org\/vl\/wp-json\/wp\/v2\/types\/post"}],"author":[{"embeddable":true,"href":"https:\/\/fsmcv.org\/vl\/wp-json\/wp\/v2\/users\/2"}],"replies":[{"embeddable":true,"href":"https:\/\/fsmcv.org\/vl\/wp-json\/wp\/v2\/comments?post=8378"}],"version-history":[{"count":0,"href":"https:\/\/fsmcv.org\/vl\/wp-json\/wp\/v2\/posts\/8378\/revisions"}],"wp:attachment":[{"href":"https:\/\/fsmcv.org\/vl\/wp-json\/wp\/v2\/media?parent=8378"}],"wp:term":[{"taxonomy":"category","embeddable":true,"href":"https:\/\/fsmcv.org\/vl\/wp-json\/wp\/v2\/categories?post=8378"},{"taxonomy":"post_tag","embeddable":true,"href":"https:\/\/fsmcv.org\/vl\/wp-json\/wp\/v2\/tags?post=8378"}],"curies":[{"name":"wp","href":"https:\/\/api.w.org\/{rel}","templated":true}]}}