{"id":83869,"date":"2026-09-01T14:40:14","date_gmt":"2026-09-01T12:40:14","guid":{"rendered":"https:\/\/fsmcv.org\/certamens\/la-jove-orquestra-simfonica-de-la-fsmcv-porta-la-seua-gira-2026-a-almoradi-granada-i-aguilas\/"},"modified":"2026-09-01T14:49:06","modified_gmt":"2026-09-01T12:49:06","slug":"la-jove-orquestra-simfonica-de-la-fsmcv-porta-la-seua-gira-2026-a-almoradi-granada-i-aguilas","status":"publish","type":"post","link":"https:\/\/fsmcv.org\/vl\/jove-orquestra-simfonica\/la-jove-orquestra-simfonica-de-la-fsmcv-porta-la-seua-gira-2026-a-almoradi-granada-i-aguilas\/","title":{"rendered":"La Jove Orquestra Simf\u00f2nica de la FSMCV porta la seua gira 2026 a Almorad\u00ed, Granada i \u00c1guilas"},"content":{"rendered":"\n<h4 class=\"wp-block-heading\"><em>La formaci\u00f3, dirigida per Crist\u00f3bal Soler, oferir\u00e0 quatre concerts entre el 3 i el 6 de setembre a Almorad\u00ed, Granada i \u00c1guilas, en una nova gira dedicada a impulsar el talent jove de les societats musicals valencianes<\/em><\/h4>\n\n<p class=\"wp-block-paragraph\"><strong>VAL\u00c8NCIA, 27 d&#8217;agost de 2026.<\/strong> La Jove Orquestra Simf\u00f2nica de la Federaci\u00f3 de Societats Musicals de la Comunitat Valenciana (FSMCV) inicia este mes de setembre el seu <strong>Gira 2026<\/strong>, una nova proposta art\u00edstica que portar\u00e0 als seus j\u00f3vens int\u00e8rprets per escenaris de la Comunitat Valenciana, Andalusia i la Regi\u00f3 de M\u00farcia.<\/p>\n\n<p class=\"wp-block-paragraph\">La Gira 2026 de la Jove Orquestra Simf\u00f2nica de la FSMCV compta amb el suport de la <strong>Generalitat Valenciana<\/strong> a trav\u00e9s de l&#8217;Institut Valenci\u00e0 de Cultura, del <strong>Ministeri de Cultura del Govern d&#8217;Espanya<\/strong> i <strong>MAPFRE<\/strong>, entitats que acompanyen a la Federaci\u00f3 en este projecte orientat a impulsar la formaci\u00f3, l&#8217;excel\u00b7l\u00e8ncia art\u00edstica i la projecci\u00f3 de les noves generacions de m\u00fasics sorgides de les societats musicals de la Comunitat Valenciana. Una col\u00b7laboraci\u00f3 que permet consolidar l&#8217;activitat de la Jove Orquestra i ampliar l&#8217;abast d&#8217;un projecte que, en esta edici\u00f3, torna a portar el talent musical valenci\u00e0 a escenaris de diferents comunitats aut\u00f2nomes. <\/p>\n\n<p class=\"wp-block-paragraph\">Sota la direcci\u00f3 art\u00edstica de <strong>Crist\u00f3bal Soler,<\/strong> la formaci\u00f3 oferir\u00e0 quatre concerts entre el dijous 3 i el diumenge 6 de setembre a Almorad\u00ed, Granada i \u00c1guilas, continuant aix\u00ed amb la projecci\u00f3 de la Jove Orquestra m\u00e9s enll\u00e0 de la Comunitat Valenciana i amb el seu treball de formaci\u00f3 i promoci\u00f3 de noves generacions de m\u00fasics.<\/p>\n\n<p class=\"wp-block-paragraph\">La gira comen\u00e7ar\u00e0 el <strong>dijous 3 de setembre, a les 19.00 hores, a l&#8217;Auditori Municipal d&#8217;Almorad\u00ed<\/strong>. Per a este primer concert, la Jove Orquestra comptar\u00e0 a m\u00e9s amb la participaci\u00f3 com a directors convidats d<strong>&#8216;Iv\u00e1n Ortiz Motos i B. Daniel Mart\u00ednez.<\/strong> <\/p>\n\n<p class=\"wp-block-paragraph\">La seg\u00fcent parada ser\u00e0 Granada, on la formaci\u00f3 oferir\u00e0 dos actuacions consecutives a l&#8217;Auditori Manuel de Falla. El divendres 4 de setembre, a les 23.00 hores, tindr\u00e0 lloc el primer dels concerts, emmarcat dins del Festival Neorama, en el qual l&#8217;Orquestra representar\u00e0 a la Comunitat Valenciana. <\/p>\n\n<p class=\"wp-block-paragraph\">Un dia despr\u00e9s, el dissabte 5 de setembre, a les 20.30 hores, la Jove Orquestra tornar\u00e0 a l&#8217;escenari de l&#8217;Auditori Manuel de Falla per a oferir el seu segon concert a Granada.<\/p>\n\n<p class=\"wp-block-paragraph\">La gira finalitzar\u00e0 el<strong> diumenge 6 de setembre, a les 12.30 hores, a \u00c1guilas (M\u00farcia)<\/strong>, amb una actuaci\u00f3 a l&#8217;<strong>Auditori i Palacio de Congressos Infanta Donya Elena.<\/strong><\/p>\n\n<p class=\"wp-block-paragraph\">Les condicions d&#8217;acc\u00e9s varien segons cada concert. Les actuacions d&#8217;Almorad\u00ed i la del divendres 4 de setembre a Granada s\u00f3n gratu\u00eftes; per a esta \u00faltima, les entrades estan disponibles en festivalneorama.es. Les entrades per al concert del dissabte 5 a Granada tamb\u00e9 poden obtindre&#8217;s a trav\u00e9s de festivalneorama.es, mentres que l&#8217;acc\u00e9s al concert d&#8217;\u00c1guilas es gestiona mitjan\u00e7ant l&#8217;enlla\u00e7 habilitat per l&#8217;organitzaci\u00f3.  <\/p>\n\n<h2 class=\"wp-block-heading\"><a><\/a><strong>Una nova experi\u00e8ncia art\u00edstica i pedag\u00f2gica per als j\u00f3vens m\u00fasics<\/strong><\/h2>\n\n<p class=\"wp-block-paragraph\">La gira representa un dels principals projectes anuals de la Jove Orquestra Simf\u00f2nica de la FSMCV i combina l&#8217;experi\u00e8ncia sobre l&#8217;escenari amb el treball pedag\u00f2gic desenrotllat durant els dies previs.<\/p>\n\n<p class=\"wp-block-paragraph\">La formaci\u00f3 va ser creada en 2014 com una unitat art\u00edstica d&#8217;alt rendiment amb objectius pedag\u00f2gics, art\u00edstics i musicals. Des de llavors, ha buscat impulsar el talent de j\u00f3vens int\u00e8rprets procedents de les societats musicals federades i fomentar especialment l&#8217;estudi i la pr\u00e0ctica dels instruments de corda a les seues escoles de m\u00fasica. <\/p>\n\n<p class=\"wp-block-paragraph\">Els seus integrants s\u00f3n j\u00f3vens m\u00fasics amb estudis superiors, d&#8217;entre 15 i 28 anys, seleccionats entre les societats musicals de tota la Comunitat Valenciana. L&#8217;activitat de l&#8217;orquestra s&#8217;articula a trav\u00e9s de trobades pedag\u00f2giques intensives que culminen amb diferents programes de concerts i permeten als seus components aproximar-se a les din\u00e0miques de treball pr\u00f2pies d&#8217;una formaci\u00f3 professional. <\/p>\n\n<p class=\"wp-block-paragraph\">Al capdavant de la Jove Orquestra des de la seua creaci\u00f3 es troba <strong>Crist\u00f3bal Soler<\/strong>, director amb una extensa traject\u00f2ria tant en l&#8217;\u00e0mbit simf\u00f2nic com en el l\u00edric i format en centres i trobades internacionals de Viena, Berl\u00edn, Munic, Graz i Z\u00faric.<\/p>\n\n<p class=\"wp-block-paragraph\">Soler \u00e9s tamb\u00e9 director art\u00edstic de la Banda Simf\u00f2nica Municipal de Val\u00e8ncia, president fundador de l&#8217;Associaci\u00f3 Espanyola de Directors d&#8217;Orquestra (*AESDO), director art\u00edstic i musical del Festival CullerArts i president del Concurs Internacional de Viol\u00ed CullerArts, a m\u00e9s de director art\u00edstic del Concurs Internacional de Direcci\u00f3 d&#8217;Orquestra Ll\u00edria City of Music.<\/p>\n\n<h2 class=\"wp-block-heading\"><a><\/a><strong>De les societats musicals a nous escenaris<\/strong><\/h2>\n\n<p class=\"wp-block-paragraph\">La Jove Orquestra Simf\u00f2nica s&#8217;ha consolidat com un dels projectes d&#8217;excel\u00b7l\u00e8ncia art\u00edstica de la FSMCV i com un espai de trobada per a j\u00f3vens m\u00fasics procedents de diferents punts de la Comunitat Valenciana.<\/p>\n\n<p class=\"wp-block-paragraph\">La <strong>Gira 2026<\/strong> refor\u00e7a eixa vocaci\u00f3 portant a la formaci\u00f3 a contextos i p\u00fablics diferents. Despr\u00e9s de l&#8217;inici a Almorad\u00ed, els concerts de Granada i \u00c1guilas permetran tornar a projectar fora del territori valenci\u00e0 el talent sorgit de les societats musicals i oferir als seus integrants una experi\u00e8ncia art\u00edstica vinculada a alguns dels principals escenaris de les ciutats que visitaran. <\/p>\n\n<h3 class=\"wp-block-heading\"><a><\/a><strong>Gira 2026 de la Jove Orquestra Simf\u00f2nica de la FSMCV<\/strong><\/h3>\n\n<p class=\"wp-block-paragraph\"><strong>Almorad\u00ed<\/strong><br\/> Dijous 3 de setembre | 19:00 h<br\/>Auditori Municipal d&#8217;Almorad\u00ed<br\/>Directors invitats: Iv\u00e1n Ortiz Motos i B. Daniel Mart\u00ednez<\/p>\n\n<p class=\"wp-block-paragraph\"><strong>Granada<br\/><\/strong>Divendres 4 de setembre | 23:00 h<br\/>Auditori Manuel de Falla<\/p>\n\n<p class=\"wp-block-paragraph\"><strong>Granada<br\/><\/strong> Dissabte 5 de setembre | 20:30 h<br\/>Auditori Manuel de Falla<\/p>\n\n<p class=\"wp-block-paragraph\"><strong>\u00c1guilas (M\u00farcia)<br\/><\/strong> Diumenge 6 de setembre | 12:30 h<br\/>Auditori i Palau de Congressos Infanta Do\u00f1a Elena<\/p>\n\n<p class=\"wp-block-paragraph\"><strong>Acc\u00e9s: gratu\u00eft a Almorad\u00ed i en el concert del divendres 4 de setembre a Granada. Entrades del 4 i 5 de setembre a Granada disponibles en festivalneorama.es. Per a \u00c1guilas, acc\u00e9s mitjan\u00e7ant l&#8217;enlla\u00e7 habilitat per l&#8217;organitzaci\u00f3.  <\/strong><\/p>\n\n<h2 class=\"wp-block-heading\"><strong> <\/strong><\/h2>\n","protected":false},"excerpt":{"rendered":"<p>La formaci\u00f3, dirigida per Crist\u00f3bal Soler, oferir\u00e0 quatre concerts entre el 3 i el 6 de setembre a Almorad\u00ed, Granada i \u00c1guilas, en una nova gira dedicada a impulsar el talent jove de les societats musicals valencianes VAL\u00c8NCIA, 27 d&#8217;agost de 2026. La Jove Orquestra Simf\u00f2nica de la Federaci\u00f3 de Societats Musicals de la Comunitat [&hellip;]<\/p>\n","protected":false},"author":17,"featured_media":83868,"comment_status":"closed","ping_status":"closed","sticky":false,"template":"","format":"standard","meta":{"footnotes":""},"categories":[43],"tags":[],"class_list":["post-83869","post","type-post","status-publish","format-standard","has-post-thumbnail","hentry","category-jove-orquestra-simfonica"],"_links":{"self":[{"href":"https:\/\/fsmcv.org\/vl\/wp-json\/wp\/v2\/posts\/83869","targetHints":{"allow":["GET"]}}],"collection":[{"href":"https:\/\/fsmcv.org\/vl\/wp-json\/wp\/v2\/posts"}],"about":[{"href":"https:\/\/fsmcv.org\/vl\/wp-json\/wp\/v2\/types\/post"}],"author":[{"embeddable":true,"href":"https:\/\/fsmcv.org\/vl\/wp-json\/wp\/v2\/users\/17"}],"replies":[{"embeddable":true,"href":"https:\/\/fsmcv.org\/vl\/wp-json\/wp\/v2\/comments?post=83869"}],"version-history":[{"count":1,"href":"https:\/\/fsmcv.org\/vl\/wp-json\/wp\/v2\/posts\/83869\/revisions"}],"predecessor-version":[{"id":83871,"href":"https:\/\/fsmcv.org\/vl\/wp-json\/wp\/v2\/posts\/83869\/revisions\/83871"}],"wp:featuredmedia":[{"embeddable":true,"href":"https:\/\/fsmcv.org\/vl\/wp-json\/wp\/v2\/media\/83868"}],"wp:attachment":[{"href":"https:\/\/fsmcv.org\/vl\/wp-json\/wp\/v2\/media?parent=83869"}],"wp:term":[{"taxonomy":"category","embeddable":true,"href":"https:\/\/fsmcv.org\/vl\/wp-json\/wp\/v2\/categories?post=83869"},{"taxonomy":"post_tag","embeddable":true,"href":"https:\/\/fsmcv.org\/vl\/wp-json\/wp\/v2\/tags?post=83869"}],"curies":[{"name":"wp","href":"https:\/\/api.w.org\/{rel}","templated":true}]}}