{"id":8402,"date":"2018-03-26T11:51:57","date_gmt":"2018-03-26T09:51:57","guid":{"rendered":"https:\/\/fsmcv.org\/?post_type=fsmcv-noticias&#038;p=8402"},"modified":"2021-03-29T17:32:01","modified_gmt":"2021-03-29T15:32:01","slug":"conservatorio-superior-joaquin-rodrigo-escenario-5-convencion-asociacion-flautistas-espana","status":"publish","type":"post","link":"https:\/\/fsmcv.org\/vl\/certamens\/conservatorio-superior-joaquin-rodrigo-escenario-5-convencion-asociacion-flautistas-espana\/","title":{"rendered":"El Conservatori Superior de M\u00fasica &#8220;Joaqu\u00edn Rodrigo&#8221; ser\u00e0 l&#8217;escenari de la 5a Convenci\u00f3 de l&#8217;Associaci\u00f3 de Flautistes d&#8217;Espanya"},"content":{"rendered":"<p>Ja est\u00e0 tot preparat perqu\u00e8 la 5a Convenci\u00f3 de l&#8217;Associaci\u00f3 de Flautistes d&#8217;Espanya siga un cap de setmana dedicat a la flauta en les seues diverses facetes: en recitals, en m\u00fasica de cambra, com a solista, en orquestra de flautes, etc. a m\u00e9s de poder provar flautes dels nombrosos expositors que estaran presents i assistir a tallers sobre reparaci\u00f3 i manteniment de la flauta o preparaci\u00f3 psicol\u00f2gica, per exemple.<\/p>\n<p>La Convenci\u00f3 comptar\u00e0 amb un cartell de luxe amb flautistes de la talla de Karl-Heinz Sch\u00fctz, Paolo Taballione, Barthold Kuijken, Francisco L\u00f3pez, J\u00e1nos B\u00e1lint, Diego Ace\u00f1a, Ulla Miilman, M\u00f3nica Raga, Antonio Nuez, Fernando G\u00f3mez, Claudio Barile, Jorge Caryevschi, Wendela van Swol, Andr\u00e9 Cebri\u00e1n, Cristina \u00c1nchel, Eduardo Paus\u00e1, Marcos Chirivella, Isabel Vila, Patr\u00edcia da Dalt, Mie Ogura, Susana Recio, Virginie Reibel, Monika Streitov\u00e1 i molts m\u00e9s!<\/p>\n<p>La trobada tindr\u00e0 lloc al Conservatori Superior de M\u00fasica &#8220;Joaqu\u00edn Rodrigo&#8221; de Val\u00e8ncia. Una edici\u00f3 m\u00e9s la Convenci\u00f3 comptar\u00e0 amb grans flautistes internacionals, espanyols, joves promeses, el concurs AFE per a flautistes de Grau Mitj\u00e0, a m\u00e9s de tallers, expositors i les tradicionals MASTERCLASS.<\/p>\n<p>Fins al 31 de mar\u00e7 es poden comprar les entrades per venda anticipada, aprofitant un important descompte! Pots consultar tota la informaci\u00f3 a la web <a href=\"http:\/\/afeflauta.org\" target=\"_blank\" rel=\"noopener noreferrer\">afeflauta.org<\/a><\/p>\n<h3>Programaci\u00f3<\/h3>\n<p><img fetchpriority=\"high\" decoding=\"async\" class=\"aligncenter wp-image-8407 size-large\" src=\"https:\/\/fsmcv.org\/BTnet-storage\/wp-uploads\/2018\/03\/planning-definitivo-712x1024.jpg\" alt=\"\" width=\"712\" height=\"1024\" title=\"\"><\/p>\n<h3>Fitxes<\/h3>\n<p><img decoding=\"async\" class=\"aligncenter wp-image-8404 size-large\" src=\"https:\/\/fsmcv.org\/BTnet-storage\/wp-uploads\/2018\/03\/FranciscoLopez-1-725x1024.jpg\" alt=\"\" width=\"725\" height=\"1024\" title=\"\"> <img decoding=\"async\" class=\"aligncenter size-large wp-image-8405\" src=\"https:\/\/fsmcv.org\/BTnet-storage\/wp-uploads\/2018\/03\/Karl-Heinz-publicada-15_10-1-724x1024.jpg\" alt=\"\" width=\"724\" height=\"1024\" title=\"\"> <img loading=\"lazy\" decoding=\"async\" class=\"aligncenter wp-image-8406 size-large\" src=\"https:\/\/fsmcv.org\/BTnet-storage\/wp-uploads\/2018\/03\/Kuijken-1-725x1024.jpg\" alt=\"\" width=\"725\" height=\"1024\" title=\"\"> <img loading=\"lazy\" decoding=\"async\" class=\"aligncenter wp-image-8408 size-large\" src=\"https:\/\/fsmcv.org\/BTnet-storage\/wp-uploads\/2018\/03\/Taballione-725x1024.jpg\" alt=\"\" width=\"725\" height=\"1024\" title=\"\"><\/p>\n<h3>Documentaci\u00f3<\/h3>\n<p><a href=\"https:\/\/fsmcv.org\/BTnet-storage\/wp-uploads\/2018\/03\/Tarifas-Valencia-2018.pdf\" target=\"_blank\" rel=\"noopener noreferrer\">Tarifes [PDF]<\/a><\/p>\n","protected":false},"excerpt":{"rendered":"<p>La 5a Convenci\u00f3 de l&#8217;Associaci\u00f3 de Flautistes d&#8217;Espanya tindr\u00e0 lloc els dies 6, 7 i 8 d&#8217;abril al Conservatori Superior de M\u00fasica &#8220;Joaqu\u00edn Rodrigo&#8221; de Val\u00e8ncia. Fins al 31 de mar\u00e7 es poden comprar les entrades per venda anticipada, aprofitant un important descompte.<\/p>\n","protected":false},"author":2,"featured_media":0,"comment_status":"closed","ping_status":"closed","sticky":false,"template":"","format":"standard","meta":{"footnotes":""},"categories":[1],"tags":[],"class_list":["post-8402","post","type-post","status-publish","format-standard","hentry","category-certamenes"],"_links":{"self":[{"href":"https:\/\/fsmcv.org\/vl\/wp-json\/wp\/v2\/posts\/8402","targetHints":{"allow":["GET"]}}],"collection":[{"href":"https:\/\/fsmcv.org\/vl\/wp-json\/wp\/v2\/posts"}],"about":[{"href":"https:\/\/fsmcv.org\/vl\/wp-json\/wp\/v2\/types\/post"}],"author":[{"embeddable":true,"href":"https:\/\/fsmcv.org\/vl\/wp-json\/wp\/v2\/users\/2"}],"replies":[{"embeddable":true,"href":"https:\/\/fsmcv.org\/vl\/wp-json\/wp\/v2\/comments?post=8402"}],"version-history":[{"count":0,"href":"https:\/\/fsmcv.org\/vl\/wp-json\/wp\/v2\/posts\/8402\/revisions"}],"wp:attachment":[{"href":"https:\/\/fsmcv.org\/vl\/wp-json\/wp\/v2\/media?parent=8402"}],"wp:term":[{"taxonomy":"category","embeddable":true,"href":"https:\/\/fsmcv.org\/vl\/wp-json\/wp\/v2\/categories?post=8402"},{"taxonomy":"post_tag","embeddable":true,"href":"https:\/\/fsmcv.org\/vl\/wp-json\/wp\/v2\/tags?post=8402"}],"curies":[{"name":"wp","href":"https:\/\/api.w.org\/{rel}","templated":true}]}}