{"id":8415,"date":"2018-03-26T12:56:05","date_gmt":"2018-03-26T10:56:05","guid":{"rendered":"https:\/\/fsmcv.org\/?post_type=fsmcv-noticias&#038;p=8415"},"modified":"2021-09-30T11:27:04","modified_gmt":"2021-09-30T09:27:04","slug":"ii-concurso-composicion-banda-ayuntamiento-ulldecona","status":"publish","type":"post","link":"https:\/\/fsmcv.org\/vl\/certamens\/ii-concurso-composicion-banda-ayuntamiento-ulldecona\/","title":{"rendered":"II Concurs de composici\u00f3 musical per a Banda de M\u00fasica \u201cLa banda sonora del nostre paisatge\u201d organitzat per l&#8217;Ajuntament d&#8217;Ulldecona i la Banda de M\u00fasica d&#8217;Ulldecona"},"content":{"rendered":"<p>L\u2019Ajuntament d\u2019Ulldecona, en col\u00b7laboraci\u00f3 amb la Banda de M\u00fasica d\u2019Ulldecona, convoca el <strong>II Concurs de composici\u00f3 musical per a Banda<\/strong> que s\u2019estrenar\u00e0 amb el nom de \u201cLa Banda (Sonora) del nostre paisatge\u201d.<\/p>\n<p>La m\u00fasica com a eina, llenguatge o mitj\u00e0 al servei de la interpretaci\u00f3 del m\u00f3n que ens envolta \u00e9s la intenci\u00f3 de l\u2019Ajuntament d\u2019Ulldecona i la Banda de M\u00fasica d\u2019Ulldecona amb l\u2019estrena de l\u2019obra guanyadora del 2n concurs de composici\u00f3 musical inspirada en el nostre Patrimoni i Paisatge.<\/p>\n<p>En aquest cas, les coves del Conjunt Rupestre de la Serra de Godall seran els protagonistes d\u2019aquesta edici\u00f3. Aquest conjunt configura la representaci\u00f3 s\u00f2cio-cultural, ritual i art\u00edstica m\u00e9s antiga i complexa de tota Catalunya, empla\u00e7at a l\u2019Ermita de la Pietat, un dels llocs de refer\u00e8ncia de l\u2019espiritualitat i la identitat cultural de tot el territori des de fa m\u00e9s de 8000 anys. L\u2019Art Rupestre Llevant\u00ed com a part de la identitat cultural, del sentir col\u00b7lectiu, de la cohesi\u00f3 social al final de la prehist\u00f2ria, mitjan\u00e7ant una tradici\u00f3 estretament lligada al paisatge cultural que va perdurar moltes generacions, com aix\u00ed ho representen les coves pintades. I com a la gran majoria de rituals de la humanitat, aquest \u00e9s indissociable d\u2019un dels llenguatges m\u00e9s universals de qualsevol cerim\u00f2nia o celebraci\u00f3: la m\u00fasica.<\/p>\n<p>Aquesta edici\u00f3 del concurs s\u2019engloba tamb\u00e9 dintre dels actes de celebraci\u00f3 del XX Aniversari de L\u2019Art Rupestre Llevant\u00ed com a Patrimoni Mundial de la UNESCO.<\/p>\n<p>Aprofitant la proximitat al Conjunt Rupestre, l\u2019estrena de l\u2019obra guanyadora, a c\u00e0rrec de la Banda de M\u00fasica d\u2019Ulldecona es far\u00e0 el dissabte, 14 de juliol de 2018 a les 20.00h a la pla\u00e7a de l\u2019Ermita de la Pietat.<\/p>\n<p><strong>Les obres es lliuraran, abans de les 14 hores del dia 1 de juny de 2018<\/strong>, al registre d\u2019entrada de: Ajuntament d\u2019Ulldecona, C\/Major, n\u00fam.49, 43550 Ulldecona (Tarragona) Tel. : 977573034. Si les obres s\u00f3n lliurades per correu, o ag\u00e8ncia de transport, hauran de contenir en el sobre exterior la data de lliurament a l\u2019oficina d\u2019origen, que haur\u00e0 de ser igual o anterior al dia 1 de juny de 2018 a les 14 hores. En aquest cas caldr\u00e0 comunicar per tel\u00e8fon, a la regidoria de cultura de l\u2019Ajuntament d\u2019Ulldecona, aquest lliurament, per poder fer el seguiment sense identificar-se. En cap cas el sobre exterior podr\u00e0 contenir el nom del remitent ni senyals que l\u2019identifiquen.<\/p>\n<p>Consulta les bases completes al seg\u00fcent apartat.<\/p>\n<h3>Documentaci\u00f3<\/h3>\n<p><a href=\"https:\/\/fsmcv.org\/BTnet-storage\/wp-uploads\/2018\/03\/Bases-concurs-composicio-2018.pdf\" target=\"_blank\" rel=\"noopener noreferrer\">Descarrega les bases del II Concurs \u201cLa banda sonora del nostre paissatge\u201d [PDF].<\/a><\/p>\n","protected":false},"excerpt":{"rendered":"<p>L&#8217;Ajuntament d&#8217;Ulldecona (Tarragona), en col\u00b7laboraci\u00f3 amb la Banda de M\u00fasica d&#8217;Ulldecona, convoca el II Concurs de composici\u00f3 musical per a Banda de M\u00fasica que s&#8217;estrenar\u00e0 sota el t\u00edtol de \u201cLa Banda sonora del nostre paisatge\u201d. Les obres hauran de lliurar-se abans de les 14 hores del dia 1 de juny de 2018.<\/p>\n","protected":false},"author":2,"featured_media":0,"comment_status":"closed","ping_status":"closed","sticky":false,"template":"","format":"standard","meta":{"footnotes":""},"categories":[1],"tags":[],"class_list":["post-8415","post","type-post","status-publish","format-standard","hentry","category-certamenes"],"_links":{"self":[{"href":"https:\/\/fsmcv.org\/vl\/wp-json\/wp\/v2\/posts\/8415","targetHints":{"allow":["GET"]}}],"collection":[{"href":"https:\/\/fsmcv.org\/vl\/wp-json\/wp\/v2\/posts"}],"about":[{"href":"https:\/\/fsmcv.org\/vl\/wp-json\/wp\/v2\/types\/post"}],"author":[{"embeddable":true,"href":"https:\/\/fsmcv.org\/vl\/wp-json\/wp\/v2\/users\/2"}],"replies":[{"embeddable":true,"href":"https:\/\/fsmcv.org\/vl\/wp-json\/wp\/v2\/comments?post=8415"}],"version-history":[{"count":0,"href":"https:\/\/fsmcv.org\/vl\/wp-json\/wp\/v2\/posts\/8415\/revisions"}],"wp:attachment":[{"href":"https:\/\/fsmcv.org\/vl\/wp-json\/wp\/v2\/media?parent=8415"}],"wp:term":[{"taxonomy":"category","embeddable":true,"href":"https:\/\/fsmcv.org\/vl\/wp-json\/wp\/v2\/categories?post=8415"},{"taxonomy":"post_tag","embeddable":true,"href":"https:\/\/fsmcv.org\/vl\/wp-json\/wp\/v2\/tags?post=8415"}],"curies":[{"name":"wp","href":"https:\/\/api.w.org\/{rel}","templated":true}]}}