{"id":8421,"date":"2018-03-27T09:32:28","date_gmt":"2018-03-27T07:32:28","guid":{"rendered":"https:\/\/fsmcv.org\/?post_type=fsmcv-noticias&#038;p=8421"},"modified":"2021-09-30T11:26:39","modified_gmt":"2021-09-30T09:26:39","slug":"musica-coral-lliria-xiii-festival-coros-semana-santa","status":"publish","type":"post","link":"https:\/\/fsmcv.org\/vl\/certamens\/musica-coral-lliria-xiii-festival-coros-semana-santa\/","title":{"rendered":"La m\u00fasica coral va tornar a Ll\u00edria amb la XIII edici\u00f3 del Festival de Cors de Setmana Santa"},"content":{"rendered":"<p>L&#8217;esgl\u00e9sia de la Sang va tornar a ser l&#8217;escenari del Festival de Cors de Setmana Santa de Ll\u00edria. Esta tretzena edici\u00f3 va comptar amb les actuacions de la Coral Ren\u00e0ixer de Vilamarxant, el Cor Social de la Uni\u00f3 Musical de Ll\u00edria i la Coral Polif\u00f2nica Primitiva de Ll\u00edria, dirigits per Jes\u00fas Rita, Vivian Guti\u00e9rrez i Carlos D\u00edaz, respectivament. El festival va concloure amb la interpretaci\u00f3 conjunta de la <em>Lacrimosa<\/em> de Mozart.<\/p>\n<p>La m\u00fasica coral \u00e9s tradicionalment una de les principals actuacions de la programaci\u00f3 cultural en estes dates. El dissabte a la vesprada va ser el cor de Gomville &amp; Caius College de la Universitat de Cambridge el que va oferir un concert a l&#8217;esgl\u00e9sia de la Sang.<\/p>\n<p>A estes activitats cal sumar les actuacions musicals i confer\u00e8ncies programades enguany amb motiu del 250\u00e9 aniversari de la fundaci\u00f3 de la Confraria de la Mare de D\u00e9u dels Dolors.<\/p>\n<p>Esta \u00e9s una de les germandats que organitza una de les quatre processons de Setmana Santa que se celebraran entre el dimecres i el divendres a Ll\u00edria, en les que tamb\u00e9 desfilen les confraries de la Sang i la de l\u2019Oraci\u00f3 de Jes\u00fas en l&#8217;Hort i el Sant Calze.<\/p>\n","protected":false},"excerpt":{"rendered":"<p>Esta tretzena edici\u00f3 va comptar amb les actuacions de la Coral Ren\u00e0ixer de Vilamarxant, el Cor Social de la Uni\u00f3 Musical de Ll\u00edria i la Coral Polif\u00f2nica Primitiva de Ll\u00edria.<\/p>\n","protected":false},"author":2,"featured_media":0,"comment_status":"closed","ping_status":"closed","sticky":false,"template":"","format":"standard","meta":{"footnotes":""},"categories":[1],"tags":[],"class_list":["post-8421","post","type-post","status-publish","format-standard","hentry","category-certamenes"],"_links":{"self":[{"href":"https:\/\/fsmcv.org\/vl\/wp-json\/wp\/v2\/posts\/8421","targetHints":{"allow":["GET"]}}],"collection":[{"href":"https:\/\/fsmcv.org\/vl\/wp-json\/wp\/v2\/posts"}],"about":[{"href":"https:\/\/fsmcv.org\/vl\/wp-json\/wp\/v2\/types\/post"}],"author":[{"embeddable":true,"href":"https:\/\/fsmcv.org\/vl\/wp-json\/wp\/v2\/users\/2"}],"replies":[{"embeddable":true,"href":"https:\/\/fsmcv.org\/vl\/wp-json\/wp\/v2\/comments?post=8421"}],"version-history":[{"count":0,"href":"https:\/\/fsmcv.org\/vl\/wp-json\/wp\/v2\/posts\/8421\/revisions"}],"wp:attachment":[{"href":"https:\/\/fsmcv.org\/vl\/wp-json\/wp\/v2\/media?parent=8421"}],"wp:term":[{"taxonomy":"category","embeddable":true,"href":"https:\/\/fsmcv.org\/vl\/wp-json\/wp\/v2\/categories?post=8421"},{"taxonomy":"post_tag","embeddable":true,"href":"https:\/\/fsmcv.org\/vl\/wp-json\/wp\/v2\/tags?post=8421"}],"curies":[{"name":"wp","href":"https:\/\/api.w.org\/{rel}","templated":true}]}}