{"id":8424,"date":"2018-03-27T11:57:03","date_gmt":"2018-03-27T09:57:03","guid":{"rendered":"https:\/\/fsmcv.org\/?post_type=fsmcv-noticias&#038;p=8424"},"modified":"2021-09-30T11:26:22","modified_gmt":"2021-09-30T09:26:22","slug":"ajuntament-barcelona-obri-convocatoria-musica-als-parcs","status":"publish","type":"post","link":"https:\/\/fsmcv.org\/vl\/certamens\/ajuntament-barcelona-obri-convocatoria-musica-als-parcs\/","title":{"rendered":"L&#8217;Ajuntament de Barcelona obri la convocat\u00f2ria &#8220;M\u00fasica als parcs&#8221; per a solistes i formacions"},"content":{"rendered":"<p>Cada any els espais verds de la ciutat de Barcelona s&#8217;omplen de m\u00fasica gr\u00e0cies al tradicional festival &#8220;M\u00fasica als parcs&#8221;. Aquest cicle de concerts estiuencs va n\u00e9ixer fa m\u00e9s de quinze anys amb l\u2019objectiu d\u2019acostar la m\u00fasica de qualitat a tots els p\u00fablics i fomentar la pres\u00e8ncia dels joves int\u00e8rprets. Alhora, pret\u00e9n potenciar les possibilitats dels parcs com a espais de conviv\u00e8ncia i oci tamb\u00e9 durant els capvespres i nits d&#8217;estiu.<\/p>\n<p>Aquest certamen de concerts d&#8217;estiu gratu\u00efts als jardins i parcs de la ciutat, organitzat per l&#8217;Ajuntament de Barcelona amb la col\u00b7laboraci\u00f3 dels districtes i altres entitats municipals,\u00a0inclou diferents estils de m\u00fasica, com cl\u00e0ssica i jazz, entre altres. El cicle s&#8217;inicia amb un concert d&#8217;obertura al mes de juny amb un concert singular, i ofereix concerts cada setmana fins a finals d&#8217;agost, quan un concert de cloenda tanca el certamen.<\/p>\n<h3>Convocat\u00f2ria 2018<\/h3>\n<p>L&#8217;Ajuntament de Barcelona ha posat en marxa el proc\u00e9s per seleccionar els joves int\u00e8rprets de cl\u00e0ssica i jazz que podran actuar al cicle d&#8217;enguany. La convocat\u00f2ria \u00e9s oberta a qualsevol tipus de formaci\u00f3 fins a un m\u00e0xim\u00a0de quatre m\u00fasics, des de solistes fins a quartets. A m\u00e9s, poden ser des de cantants fins a int\u00e8rprets de qualsevol instrument.<\/p>\n<p>Els m\u00fasics han de ser majors de 16 anys i menors de 35, i la seua selecci\u00f3 anir\u00e0 a c\u00e0rrec d&#8217;un jurat qualificat, que triar\u00e0 un m\u00e0xim de 18 formacions, que duran a terme dos concerts cadascuna. Els concerts se celebraran de dilluns a divendres durant els mesos de juny, juliol i agost a diversos parcs i jardins de Barcelona.<\/p>\n<p>La data l\u00edmit de presentaci\u00f3 de sol\u00b7licituds acaba el 20 d&#8217;abril de 2018.<\/p>\n<h3>Documentaci\u00f3<\/h3>\n<p><a href=\"https:\/\/fsmcv.org\/BTnet-storage\/wp-uploads\/2018\/03\/bases-musica-als-parcs-2018.pdf\" target=\"_blank\" rel=\"noopener noreferrer\">Descarrega les bases de la convocat\u00f2ria. [PDF]<\/a><\/p>\n","protected":false},"excerpt":{"rendered":"<p>L&#8217;Ajuntament de Barcelona ha posat en marxa el proc\u00e9s per seleccionar els joves int\u00e8rprets de cl\u00e0ssica i jazz que podran actuar al cicle d&#8217;enguany. La data l\u00edmit de presentaci\u00f3 de sol\u00b7licituds acaba el 20 d&#8217;abril de 2018.<\/p>\n","protected":false},"author":2,"featured_media":0,"comment_status":"closed","ping_status":"closed","sticky":false,"template":"","format":"standard","meta":{"footnotes":""},"categories":[1],"tags":[],"class_list":["post-8424","post","type-post","status-publish","format-standard","hentry","category-certamenes"],"_links":{"self":[{"href":"https:\/\/fsmcv.org\/vl\/wp-json\/wp\/v2\/posts\/8424","targetHints":{"allow":["GET"]}}],"collection":[{"href":"https:\/\/fsmcv.org\/vl\/wp-json\/wp\/v2\/posts"}],"about":[{"href":"https:\/\/fsmcv.org\/vl\/wp-json\/wp\/v2\/types\/post"}],"author":[{"embeddable":true,"href":"https:\/\/fsmcv.org\/vl\/wp-json\/wp\/v2\/users\/2"}],"replies":[{"embeddable":true,"href":"https:\/\/fsmcv.org\/vl\/wp-json\/wp\/v2\/comments?post=8424"}],"version-history":[{"count":0,"href":"https:\/\/fsmcv.org\/vl\/wp-json\/wp\/v2\/posts\/8424\/revisions"}],"wp:attachment":[{"href":"https:\/\/fsmcv.org\/vl\/wp-json\/wp\/v2\/media?parent=8424"}],"wp:term":[{"taxonomy":"category","embeddable":true,"href":"https:\/\/fsmcv.org\/vl\/wp-json\/wp\/v2\/categories?post=8424"},{"taxonomy":"post_tag","embeddable":true,"href":"https:\/\/fsmcv.org\/vl\/wp-json\/wp\/v2\/tags?post=8424"}],"curies":[{"name":"wp","href":"https:\/\/api.w.org\/{rel}","templated":true}]}}